{"id":790,"date":"2025-02-23T18:39:39","date_gmt":"2025-02-23T17:39:39","guid":{"rendered":"https:\/\/actu7.com\/?p=790"},"modified":"2025-02-23T18:46:03","modified_gmt":"2025-02-23T17:46:03","slug":"celebration-du-merite-des-prix-decernes-aux-meilleures-entreprises-et-personnalites-de-lannee","status":"publish","type":"post","link":"https:\/\/actu7.com\/index.php\/celebration-du-merite-des-prix-decernes-aux-meilleures-entreprises-et-personnalites-de-lannee\/","title":{"rendered":"C\u00e9l\u00e9bration du m\u00e9rite : des prix d\u00e9cern\u00e9s aux meilleures entreprises et personnalit\u00e9s de l&rsquo;ann\u00e9e\u00a0"},"content":{"rendered":"<p>C&rsquo;est une initiative de la structure AR-COM qui vise \u00e0 c\u00e9l\u00e9brer le m\u00e9rite des entreprises et des personnalit\u00e9s qui ont marqu\u00e9es l&rsquo;ann\u00e9e \u00e0 travers leurs \u0153uvres. Des efforts qui concourt au d\u00e9veloppement socio-\u00e9conomique du pays en respectant la protection de l&rsquo;environnement et le contenu local. Elle \u00e9tait plac\u00e9e sous le th\u00e8me : \u00ab\u00a0c\u00e9l\u00e9brons l&rsquo;excellence, inspirons l&rsquo;avenir\u00a0\u00bb.<\/p>\n<div dir=\"auto\">Remerciant les partenaires pour leur appui, le commissaire g\u00e9n\u00e9ral de l&rsquo;\u00e9v\u00e8nement, Eug\u00e8ne Capi Balamou est revenu sur les crit\u00e8res \u00e9tablis qui ont permis aux membres du jury de s\u00e9lectionner les laur\u00e9ats en sa 7\u00e8me \u00e9dition. Ces crit\u00e8res sont entre autres : l&rsquo;innovation ; la qualit\u00e9 des prestations ; I&rsquo;impact sur la population ; le nombre d&#8217;employ\u00e9s et les r\u00e9sultats obtenus.\u00a0<i>\u00ab\u00a0Ces crit\u00e8res sont le reflet de notre engagement envers un d\u00e9veloppement durable et une<\/i><\/div>\n<div dir=\"auto\"><i>croissance responsable\u00a0\u00bb<\/i>\u00a0pr\u00e9cise t-il.<\/div>\n<div dir=\"auto\"><img loading=\"lazy\" decoding=\"async\" class=\"alignnone size-medium wp-image-793\" src=\"https:\/\/actu7.com\/wp-content\/uploads\/2025\/02\/IMG-20250223-WA0010-300x169.jpg\" alt=\"\" width=\"300\" height=\"169\" srcset=\"https:\/\/actu7.com\/wp-content\/uploads\/2025\/02\/IMG-20250223-WA0010-300x169.jpg 300w, https:\/\/actu7.com\/wp-content\/uploads\/2025\/02\/IMG-20250223-WA0010-768x432.jpg 768w, https:\/\/actu7.com\/wp-content\/uploads\/2025\/02\/IMG-20250223-WA0010-696x392.jpg 696w, https:\/\/actu7.com\/wp-content\/uploads\/2025\/02\/IMG-20250223-WA0010-747x420.jpg 747w, https:\/\/actu7.com\/wp-content\/uploads\/2025\/02\/IMG-20250223-WA0010.jpg 960w\" sizes=\"auto, (max-width: 300px) 100vw, 300px\" \/><\/div>\n<div dir=\"auto\">\n<div dir=\"auto\">Pour AR-COM, la pers\u00e9v\u00e9rance et l&rsquo;audace des laur\u00e9ats et laur\u00e9ates sont des sources d&rsquo;inspiration eux. Car, elle, ils sont sont la preuve que l&rsquo;excellence est \u00e0 la port\u00e9e de ceux qui osent innover et travailler avec passion.<\/div>\n<div dir=\"auto\"><\/div>\n<div dir=\"auto\"><i>\u00ab\u00a0En cette soir\u00e9e de reconnaissance, nous voulons mettre en lumi\u00e8re vos r\u00e9alisations et souligner I&rsquo;impact positif que vous<\/i>\u00a0<i>avez sur notre soci\u00e9t\u00e9.<\/i>\u00a0<i>Vous \u00eates les ambassadeurs d&rsquo;une Afrique qui avance, qui r\u00e9ussit et qui rayonne<\/i>\u00a0<i>sur la sc\u00e8ne internationale.<\/i>\u00a0<i>Nous esp\u00e9rons que cette distinction vous encouragera \u00e0 continuer sur cette voie et \u00e0 inspirer les g\u00e9n\u00e9rations futures\u00a0\u00bb\u00a0<\/i>a esp\u00e9r\u00e9 Capi Balamou.<\/div>\n<\/div>\n<div dir=\"auto\"><img loading=\"lazy\" decoding=\"async\" class=\"alignnone size-medium wp-image-795\" src=\"https:\/\/actu7.com\/wp-content\/uploads\/2025\/02\/IMG-20250223-WA0013-300x169.jpg\" alt=\"\" width=\"300\" height=\"169\" srcset=\"https:\/\/actu7.com\/wp-content\/uploads\/2025\/02\/IMG-20250223-WA0013-300x169.jpg 300w, https:\/\/actu7.com\/wp-content\/uploads\/2025\/02\/IMG-20250223-WA0013-768x432.jpg 768w, https:\/\/actu7.com\/wp-content\/uploads\/2025\/02\/IMG-20250223-WA0013-696x392.jpg 696w, https:\/\/actu7.com\/wp-content\/uploads\/2025\/02\/IMG-20250223-WA0013-747x420.jpg 747w, https:\/\/actu7.com\/wp-content\/uploads\/2025\/02\/IMG-20250223-WA0013.jpg 960w\" sizes=\"auto, (max-width: 300px) 100vw, 300px\" \/><\/div>\n<div dir=\"auto\">L&rsquo;ambassadrice de la c\u00e9r\u00e9monie, la directrice g\u00e9n\u00e9rale de la pension militaire et des anciens combattants, la g\u00e9n\u00e9rale Fatoumata Yarie Sylla n&rsquo;a pas tari d&rsquo;\u00e9loges \u00e0 l&rsquo;endroit des organisateurs. Car, pour elle, ladite c\u00e9l\u00e9bration va motiver d&rsquo;autres personnes et entreprises \u00e0 embo\u00eeter les pas des nomin\u00e9s de cette 7\u00e8me \u00e9dition. Tout esprit qui contribue sans aucun doute au d\u00e9veloppement de la R\u00e9publique de Guin\u00e9e tant souhaiter par le Chef de l&rsquo;\u00c9tat, le G\u00e9n\u00e9ral d&rsquo;Arm\u00e9e, Mamadi Doumbouya.<\/div>\n<div dir=\"auto\"><\/div>\n<div dir=\"auto\">Les laur\u00e9ats ont exprim\u00e9 leur engagement \u00e0 poursuivre cette dynamique afin qu&rsquo;ils servent de sources d&rsquo;inspiration pour d&rsquo;autres.<\/div>\n<div dir=\"auto\"><img loading=\"lazy\" decoding=\"async\" class=\"alignnone size-medium wp-image-796\" src=\"https:\/\/actu7.com\/wp-content\/uploads\/2025\/02\/IMG-20250223-WA0014-300x169.jpg\" alt=\"\" width=\"300\" height=\"169\" srcset=\"https:\/\/actu7.com\/wp-content\/uploads\/2025\/02\/IMG-20250223-WA0014-300x169.jpg 300w, https:\/\/actu7.com\/wp-content\/uploads\/2025\/02\/IMG-20250223-WA0014-768x432.jpg 768w, https:\/\/actu7.com\/wp-content\/uploads\/2025\/02\/IMG-20250223-WA0014-696x392.jpg 696w, https:\/\/actu7.com\/wp-content\/uploads\/2025\/02\/IMG-20250223-WA0014-747x420.jpg 747w, https:\/\/actu7.com\/wp-content\/uploads\/2025\/02\/IMG-20250223-WA0014.jpg 960w\" sizes=\"auto, (max-width: 300px) 100vw, 300px\" \/><\/div>\n<div dir=\"auto\">En embo\u00eetant les m\u00eames pas que ses pr\u00e9d\u00e9cesseurs, le ministre de la justice, garde des sceaux et des droits de l&rsquo;homme, Yaya Ka\u00efraba Kaba a, au son tour, salu\u00e9 et encourag\u00e9 l&rsquo;initiative. Tout acte qui redonne de le courage aux laur\u00e9ats \u00e0 s&rsquo;activer davantage, mais aussi et surtout aux autres \u00e0 embo\u00eeter leurs pas.<\/div>\n<div dir=\"auto\"><\/div>\n<div dir=\"auto\">A rappeler que la c\u00e9r\u00e9monie s&rsquo;est d\u00e9roul\u00e9e samedi, 22 f\u00e9vrier dans un r\u00e9ceptif h\u00f4telier \u00e0 Conakry en pr\u00e9sence de plusieurs invit\u00e9s.<\/div>\n<div dir=\"auto\"><\/div>\n<div dir=\"auto\"><\/div>\n<div dir=\"auto\"><b>S\u00e9kouba Kourouma<\/b><\/div>\n<div dir=\"auto\">+224628003663<\/div>\n<div dir=\"auto\"><\/div>\n<div dir=\"auto\"><\/div>\n<div dir=\"auto\"><\/div>\n<div dir=\"auto\"><\/div>\n","protected":false},"excerpt":{"rendered":"<p>C&rsquo;est une initiative de la structure AR-COM qui vise \u00e0 c\u00e9l\u00e9brer le m\u00e9rite des entreprises et des personnalit\u00e9s qui ont marqu\u00e9es l&rsquo;ann\u00e9e \u00e0 travers leurs \u0153uvres. Des efforts qui concourt au d\u00e9veloppement socio-\u00e9conomique du pays en respectant la protection de l&rsquo;environnement et le contenu local. Elle \u00e9tait plac\u00e9e sous le th\u00e8me : \u00ab\u00a0c\u00e9l\u00e9brons l&rsquo;excellence, inspirons [&hellip;]<\/p>\n","protected":false},"author":2,"featured_media":792,"comment_status":"closed","ping_status":"closed","sticky":false,"template":"","format":"standard","meta":{"footnotes":""},"categories":[5,2],"tags":[],"class_list":{"0":"post-790","1":"post","2":"type-post","3":"status-publish","4":"format-standard","5":"has-post-thumbnail","7":"category-culture","8":"category-featured"},"_links":{"self":[{"href":"https:\/\/actu7.com\/index.php\/wp-json\/wp\/v2\/posts\/790","targetHints":{"allow":["GET"]}}],"collection":[{"href":"https:\/\/actu7.com\/index.php\/wp-json\/wp\/v2\/posts"}],"about":[{"href":"https:\/\/actu7.com\/index.php\/wp-json\/wp\/v2\/types\/post"}],"author":[{"embeddable":true,"href":"https:\/\/actu7.com\/index.php\/wp-json\/wp\/v2\/users\/2"}],"replies":[{"embeddable":true,"href":"https:\/\/actu7.com\/index.php\/wp-json\/wp\/v2\/comments?post=790"}],"version-history":[{"count":0,"href":"https:\/\/actu7.com\/index.php\/wp-json\/wp\/v2\/posts\/790\/revisions"}],"wp:featuredmedia":[{"embeddable":true,"href":"https:\/\/actu7.com\/index.php\/wp-json\/wp\/v2\/media\/792"}],"wp:attachment":[{"href":"https:\/\/actu7.com\/index.php\/wp-json\/wp\/v2\/media?parent=790"}],"wp:term":[{"taxonomy":"category","embeddable":true,"href":"https:\/\/actu7.com\/index.php\/wp-json\/wp\/v2\/categories?post=790"},{"taxonomy":"post_tag","embeddable":true,"href":"https:\/\/actu7.com\/index.php\/wp-json\/wp\/v2\/tags?post=790"}],"curies":[{"name":"wp","href":"https:\/\/api.w.org\/{rel}","templated":true}]}}