{"id":4741,"date":"2026-05-01T01:14:30","date_gmt":"2026-05-01T01:14:30","guid":{"rendered":"https:\/\/actu7.com\/?p=4741"},"modified":"2026-05-01T01:16:59","modified_gmt":"2026-05-01T01:16:59","slug":"elections-2026-en-guinee-la-dge-monte-au-creneau-pour-donner-des-clarifications","status":"publish","type":"post","link":"https:\/\/actu7.com\/index.php\/elections-2026-en-guinee-la-dge-monte-au-creneau-pour-donner-des-clarifications\/","title":{"rendered":"\u00c9lections 2026 en Guin\u00e9e : La DGE monte au cr\u00e9neau pour donner des clarifications\u00a0"},"content":{"rendered":"<div dir=\"auto\">\u00c0 l\u2019approche du double scrutin l\u00e9gislatif et communal du 31 mai 2026, la Direction G\u00e9n\u00e9rale des \u00c9lections (DGE) a tenu une conf\u00e9rence de presse jeudi, 30 avril 2026 \u00e0 si\u00e8ge Camayenne (Conakry). L\u2019objectif est de faire le point sur un processus \u00e9lectoral, tout en r\u00e9pondant fermement aux critiques des acteurs politiques.<\/div>\n<div dir=\"auto\"><\/div>\n<div dir=\"auto\">Face aux accusations de mauvaise gestion, la Directrice G\u00e9n\u00e9rale de la DGE, Mme Camara Dj\u00e9nabou Tour\u00e9, a tenu \u00e0 rappeler les efforts de flexibilit\u00e9 consentis par son institution. Initialement pr\u00e9vu pour le 29 mars, le d\u00e9lai de d\u00e9p\u00f4t des candidatures avait \u00e9t\u00e9 prorog\u00e9 jusqu\u2019au 3 avril, suite aux sollicitations pressantes de plusieurs formations politiques, notamment le Bloc Lib\u00e9ral (BL) de Dr Lansana Faya Millimono et le FRONDEG.<\/div>\n<div dir=\"auto\"><i>\u00ab\u00a0Au 29 mars, seule l\u2019UDG avait d\u00e9pos\u00e9 son dossier. Si nous n\u2019avions pas prolong\u00e9 les d\u00e9lais, ce parti aurait \u00e9t\u00e9 le seul en lice\u00a0\u00bb<\/i>, a-t-elle martel\u00e9.<\/div>\n<div dir=\"auto\">Poursuivant, Mme. Djenabou a fustig\u00e9 le passage la strat\u00e9gie de la derni\u00e8re minute adopt\u00e9e par de nombreux \u00e9tats-majors politiques.<\/div>\n<div dir=\"auto\"><\/div>\n<div dir=\"auto\">Le dossier du parti FRONDEG a largement domin\u00e9 les \u00e9changes. Apr\u00e8s l\u2019invalidation de ses listes par la DGE, le parti a finalement obtenu gain de cause devant la Cour Supr\u00eame. Loin de toute pol\u00e9mique, la Direction G\u00e9n\u00e9rale des \u00c9lections dit prendre acte de cette d\u00e9cision juridictionnelle.<\/div>\n<div dir=\"auto\"><i>\u00ab\u00a0Les candidats du FRONDEG sont officiellement r\u00e9int\u00e9gr\u00e9s sur les listes d\u00e9finitives, lesquelles sont d\u00e9j\u00e0 affich\u00e9es au greffe de la Cour\u00a0\u00bb.<\/i><\/div>\n<div dir=\"auto\">Elle a par ailleurs expliqu\u00e9 que le syst\u00e8me de r\u00e9c\u00e9piss\u00e9s mis en place utilisait un code couleur explicite (le rouge) pour signaler aux partis les pi\u00e8ces manquantes qu\u2019ils n&rsquo;ont pas su compl\u00e9ter dans les temps impartis.<\/div>\n<div dir=\"auto\"><\/div>\n<div dir=\"auto\">Au-del\u00e0 des questions administratives, la DGE a soulev\u00e9 un point de droit concernant la l\u00e9gitimit\u00e9 de certains porte-paroles. Visant implicitement Dr. Faya Millimono, l&rsquo;institution a rappel\u00e9 qu&rsquo;un leader ayant officiellement pass\u00e9 la main \u00e0 la t\u00eate d&rsquo;un parti ne devrait plus, selon les textes en vigueur, s&rsquo;exprimer au nom de celui-ci.<\/div>\n<div dir=\"auto\"><\/div>\n<div dir=\"auto\">En guise de conclusion, la DGE a tenu \u00e0 rassurer l&rsquo;opinion publique nationale et internationale sur son impartialit\u00e9 :\u00a0<i>\u00ab\u00a0Nous ne sommes pas l\u00e0 pour d\u00e9roger \u00e0 la loi. Si les juridictions estiment que nous avons mal interpr\u00e9t\u00e9 un texte, nous appliquons leurs d\u00e9cisions sans commentaire. C\u2019est cela, la d\u00e9mocratie.\u00a0\u00bb<\/i><\/div>\n<div dir=\"auto\">Alors que la campagne pour les l\u00e9gislatives (30 jours) et celle pour les communales (20 jours) s&rsquo;ouvriront tr\u00e8s prochainement, l&rsquo;organe \u00e9lectoral promet un scrutin transparent et apais\u00e9. En cl\u00f4turant son intervention, la DGE a lanc\u00e9 un appel solennel aux leaders politiques pour plus de responsabilit\u00e9 et un respect strict des proc\u00e9dures l\u00e9gales afin de pr\u00e9server la paix sociale.<\/div>\n<div dir=\"auto\"><\/div>\n<div dir=\"auto\"><\/div>\n<div dir=\"auto\"><b>S\u00e9kouba Kourouma pour Actu7.com<\/b><\/div>\n<div dir=\"auto\"><b>+224 628 00 36 63\u00a0<\/b><\/div>\n","protected":false},"excerpt":{"rendered":"<p>\u00c0 l\u2019approche du double scrutin l\u00e9gislatif et communal du 31 mai 2026, la Direction G\u00e9n\u00e9rale des \u00c9lections (DGE) a tenu une conf\u00e9rence de presse jeudi, 30 avril 2026 \u00e0 si\u00e8ge Camayenne (Conakry). L\u2019objectif est de faire le point sur un processus \u00e9lectoral, tout en r\u00e9pondant fermement aux critiques des acteurs politiques. Face aux accusations de [&hellip;]<\/p>\n","protected":false},"author":2,"featured_media":4742,"comment_status":"closed","ping_status":"closed","sticky":false,"template":"","format":"standard","meta":{"footnotes":""},"categories":[15,2,4],"tags":[],"class_list":{"0":"post-4741","1":"post","2":"type-post","3":"status-publish","4":"format-standard","5":"has-post-thumbnail","7":"category-a-la-une","8":"category-featured","9":"category-politique"},"_links":{"self":[{"href":"https:\/\/actu7.com\/index.php\/wp-json\/wp\/v2\/posts\/4741","targetHints":{"allow":["GET"]}}],"collection":[{"href":"https:\/\/actu7.com\/index.php\/wp-json\/wp\/v2\/posts"}],"about":[{"href":"https:\/\/actu7.com\/index.php\/wp-json\/wp\/v2\/types\/post"}],"author":[{"embeddable":true,"href":"https:\/\/actu7.com\/index.php\/wp-json\/wp\/v2\/users\/2"}],"replies":[{"embeddable":true,"href":"https:\/\/actu7.com\/index.php\/wp-json\/wp\/v2\/comments?post=4741"}],"version-history":[{"count":2,"href":"https:\/\/actu7.com\/index.php\/wp-json\/wp\/v2\/posts\/4741\/revisions"}],"predecessor-version":[{"id":4744,"href":"https:\/\/actu7.com\/index.php\/wp-json\/wp\/v2\/posts\/4741\/revisions\/4744"}],"wp:featuredmedia":[{"embeddable":true,"href":"https:\/\/actu7.com\/index.php\/wp-json\/wp\/v2\/media\/4742"}],"wp:attachment":[{"href":"https:\/\/actu7.com\/index.php\/wp-json\/wp\/v2\/media?parent=4741"}],"wp:term":[{"taxonomy":"category","embeddable":true,"href":"https:\/\/actu7.com\/index.php\/wp-json\/wp\/v2\/categories?post=4741"},{"taxonomy":"post_tag","embeddable":true,"href":"https:\/\/actu7.com\/index.php\/wp-json\/wp\/v2\/tags?post=4741"}],"curies":[{"name":"wp","href":"https:\/\/api.w.org\/{rel}","templated":true}]}}