{"id":4726,"date":"2026-04-29T22:00:22","date_gmt":"2026-04-29T22:00:22","guid":{"rendered":"https:\/\/actu7.com\/?p=4726"},"modified":"2026-04-29T21:57:11","modified_gmt":"2026-04-29T21:57:11","slug":"kindia-les-couleurs-de-la-7eme-edition-du-kania-soly-devoilees","status":"publish","type":"post","link":"https:\/\/actu7.com\/index.php\/kindia-les-couleurs-de-la-7eme-edition-du-kania-soly-devoilees\/","title":{"rendered":"Kindia : Les couleurs de la 7\u00e8me \u00e9dition du Kania Soly d\u00e9voil\u00e9es"},"content":{"rendered":"<div dir=\"auto\">C\u2019est au Centre Culturel Franco-Guin\u00e9en (CCFG) que les organisateurs du Festival Kania Soly ont officiellement annonc\u00e9 mercredi, 29 avril 2026, la tenue de la 7\u00e8me \u00e9dition. Port\u00e9 par l\u2019ambition de faire du Soly un patrimoine national voire mondial, l&rsquo;\u00e9v\u00e9nement promet une programmation riche et une ouverture internationale sans pr\u00e9c\u00e9dent.<\/div>\n<div dir=\"auto\">Organis\u00e9e par l\u2019association Kania Diy\u00e9 (AKD), en collaboration avec le Club Amical de Kindia (CAK), cette \u00e9dition se veut un carrefour d\u2019\u00e9changes. Durant sept jours, la ville des agrumes va abriter une multitude d&rsquo;activit\u00e9s \u00e0 savoir : la danse soly, contes et l\u00e9gendes, conf\u00e9rences culturelles et focus sur la culture de Bok\u00e9, la finale du tournoi Manga Kindi et concerts artistiques, assainissement, actions humanitaires, formations et c\u00e9r\u00e9monies de sacrifices traditionnels. Puis la remise de satisfecits.<\/div>\n<div dir=\"auto\"><img loading=\"lazy\" decoding=\"async\" class=\"alignnone size-medium wp-image-4728\" src=\"https:\/\/actu7.com\/wp-content\/uploads\/2026\/04\/20260429_171937-300x173.jpg\" alt=\"\" width=\"300\" height=\"173\" srcset=\"https:\/\/actu7.com\/wp-content\/uploads\/2026\/04\/20260429_171937-300x173.jpg 300w, https:\/\/actu7.com\/wp-content\/uploads\/2026\/04\/20260429_171937-1024x591.jpg 1024w, https:\/\/actu7.com\/wp-content\/uploads\/2026\/04\/20260429_171937-768x443.jpg 768w, https:\/\/actu7.com\/wp-content\/uploads\/2026\/04\/20260429_171937-1536x887.jpg 1536w, https:\/\/actu7.com\/wp-content\/uploads\/2026\/04\/20260429_171937-2048x1182.jpg 2048w, https:\/\/actu7.com\/wp-content\/uploads\/2026\/04\/20260429_171937-696x402.jpg 696w, https:\/\/actu7.com\/wp-content\/uploads\/2026\/04\/20260429_171937-1068x616.jpg 1068w, https:\/\/actu7.com\/wp-content\/uploads\/2026\/04\/20260429_171937-1920x1108.jpg 1920w, https:\/\/actu7.com\/wp-content\/uploads\/2026\/04\/20260429_171937-728x420.jpg 728w\" sizes=\"auto, (max-width: 300px) 100vw, 300px\" \/><\/div>\n<div dir=\"auto\">Pour la pr\u00e9sidente de l\u2019\u00e9v\u00e9nement, Mme Dj\u00e8n\u00e8 Ke\u00efta, cette 7\u00e8me \u00e9dition connait d\u00e9j\u00e0 une ascension remarquable :\u00a0<i>\u00ab\u00a0Ce moment solennel marque le d\u00e9but d&rsquo;une nouvelle \u00e9tape de notre engagement collectif pour la valorisation de notre patrimoine. Le Festival Kania Soly est bien plus qu&rsquo;un \u00e9v\u00e9nement ; c&rsquo;est un espace de transmission interg\u00e9n\u00e9rationnelle et un puissant vecteur de coh\u00e9sion sociale.\u00a0\u00bb<\/i><\/div>\n<div dir=\"auto\"><\/div>\n<div dir=\"auto\">Cette ann\u00e9e, l&rsquo;innovation r\u00e9side dans l&rsquo;ouverture : la r\u00e9gion de Bok\u00e9 est \u00e0 l&rsquo;honneur, tandis que la France est convi\u00e9e en tant que pays invit\u00e9 d&rsquo;honneur. L&rsquo;objectif consiste \u00e0 transformer ce rendez-vous en une r\u00e9f\u00e9rence culturelle majeure \u00e0 l&rsquo;\u00e9chelle sous-r\u00e9gionale.<\/div>\n<div dir=\"auto\"><\/div>\n<div dir=\"auto\">Le Commissaire G\u00e9n\u00e9ral, l\u2019honorable Sorel Ke\u00efta, a tenu \u00e0 rappeler que le Kania Soly d\u00e9passe les fronti\u00e8res de Kindia :\u00a0<i>\u00ab\u00a0Ce festival n\u2019est pas uniquement l\u2019affaire des Kaniakas, mais celle de toute la Guin\u00e9e. Nous voulons vendre notre culture \u00e0 l\u2019international. Cette \u00e9dition sera magique et exceptionnelle gr\u00e2ce \u00e0 des marques particuli\u00e8res qui assureront son rayonnement.\u00a0\u00bb<\/i><\/div>\n<div dir=\"auto\"><img loading=\"lazy\" decoding=\"async\" class=\"alignnone size-medium wp-image-4730\" src=\"https:\/\/actu7.com\/wp-content\/uploads\/2026\/04\/20260429_164733-1-300x174.jpg\" alt=\"\" width=\"300\" height=\"174\" srcset=\"https:\/\/actu7.com\/wp-content\/uploads\/2026\/04\/20260429_164733-1-300x174.jpg 300w, https:\/\/actu7.com\/wp-content\/uploads\/2026\/04\/20260429_164733-1-1024x595.jpg 1024w, https:\/\/actu7.com\/wp-content\/uploads\/2026\/04\/20260429_164733-1-768x446.jpg 768w, https:\/\/actu7.com\/wp-content\/uploads\/2026\/04\/20260429_164733-1-1536x892.jpg 1536w, https:\/\/actu7.com\/wp-content\/uploads\/2026\/04\/20260429_164733-1-2048x1189.jpg 2048w, https:\/\/actu7.com\/wp-content\/uploads\/2026\/04\/20260429_164733-1-696x404.jpg 696w, https:\/\/actu7.com\/wp-content\/uploads\/2026\/04\/20260429_164733-1-1068x620.jpg 1068w, https:\/\/actu7.com\/wp-content\/uploads\/2026\/04\/20260429_164733-1-1920x1115.jpg 1920w, https:\/\/actu7.com\/wp-content\/uploads\/2026\/04\/20260429_164733-1-723x420.jpg 723w\" sizes=\"auto, (max-width: 300px) 100vw, 300px\" \/><\/div>\n<div dir=\"auto\">Il a salu\u00e9 l&rsquo;engagement des initiateurs qui travaillent d&rsquo;arrache-pied pour faire de cet \u00e9v\u00e9nement un moteur d&rsquo;opportunit\u00e9s pour la jeunesse guin\u00e9enne.<\/div>\n<div dir=\"auto\">Il est \u00e0 rappeler que l\u2019\u00e9v\u00e9nement se tiendra du 26 mai au 1er juin 2026 \u00e0 Kindia.<\/div>\n<div dir=\"auto\"><\/div>\n<div dir=\"auto\"><b>Par S\u00e9kouba Kourouma pour Actu7.com<\/b><\/div>\n<div dir=\"auto\"><b>+224 628 00 36 63<\/b><\/div>\n","protected":false},"excerpt":{"rendered":"<p>C\u2019est au Centre Culturel Franco-Guin\u00e9en (CCFG) que les organisateurs du Festival Kania Soly ont officiellement annonc\u00e9 mercredi, 29 avril 2026, la tenue de la 7\u00e8me \u00e9dition. Port\u00e9 par l\u2019ambition de faire du Soly un patrimoine national voire mondial, l&rsquo;\u00e9v\u00e9nement promet une programmation riche et une ouverture internationale sans pr\u00e9c\u00e9dent. Organis\u00e9e par l\u2019association Kania Diy\u00e9 (AKD), [&hellip;]<\/p>\n","protected":false},"author":2,"featured_media":4727,"comment_status":"closed","ping_status":"closed","sticky":false,"template":"","format":"standard","meta":{"footnotes":""},"categories":[15,5,2],"tags":[],"class_list":{"0":"post-4726","1":"post","2":"type-post","3":"status-publish","4":"format-standard","5":"has-post-thumbnail","7":"category-a-la-une","8":"category-culture","9":"category-featured"},"_links":{"self":[{"href":"https:\/\/actu7.com\/index.php\/wp-json\/wp\/v2\/posts\/4726","targetHints":{"allow":["GET"]}}],"collection":[{"href":"https:\/\/actu7.com\/index.php\/wp-json\/wp\/v2\/posts"}],"about":[{"href":"https:\/\/actu7.com\/index.php\/wp-json\/wp\/v2\/types\/post"}],"author":[{"embeddable":true,"href":"https:\/\/actu7.com\/index.php\/wp-json\/wp\/v2\/users\/2"}],"replies":[{"embeddable":true,"href":"https:\/\/actu7.com\/index.php\/wp-json\/wp\/v2\/comments?post=4726"}],"version-history":[{"count":1,"href":"https:\/\/actu7.com\/index.php\/wp-json\/wp\/v2\/posts\/4726\/revisions"}],"predecessor-version":[{"id":4731,"href":"https:\/\/actu7.com\/index.php\/wp-json\/wp\/v2\/posts\/4726\/revisions\/4731"}],"wp:featuredmedia":[{"embeddable":true,"href":"https:\/\/actu7.com\/index.php\/wp-json\/wp\/v2\/media\/4727"}],"wp:attachment":[{"href":"https:\/\/actu7.com\/index.php\/wp-json\/wp\/v2\/media?parent=4726"}],"wp:term":[{"taxonomy":"category","embeddable":true,"href":"https:\/\/actu7.com\/index.php\/wp-json\/wp\/v2\/categories?post=4726"},{"taxonomy":"post_tag","embeddable":true,"href":"https:\/\/actu7.com\/index.php\/wp-json\/wp\/v2\/tags?post=4726"}],"curies":[{"name":"wp","href":"https:\/\/api.w.org\/{rel}","templated":true}]}}