{"id":4722,"date":"2026-04-29T13:04:02","date_gmt":"2026-04-29T13:04:02","guid":{"rendered":"https:\/\/actu7.com\/?p=4722"},"modified":"2026-04-29T13:04:02","modified_gmt":"2026-04-29T13:04:02","slug":"crief-badra-kone-maintenu-en-detention-son-immunite-de-candidat-rejetee","status":"publish","type":"post","link":"https:\/\/actu7.com\/index.php\/crief-badra-kone-maintenu-en-detention-son-immunite-de-candidat-rejetee\/","title":{"rendered":"CRIEF : Badra Kon\u00e9 maintenu en d\u00e9tention, son immunit\u00e9 de candidat rejet\u00e9e"},"content":{"rendered":"<div dir=\"auto\">La Cour de r\u00e9pression des infractions \u00e9conomiques et financi\u00e8res (CRIEF) a ordonn\u00e9, mercredi, 29 avril 2026 la poursuite du proc\u00e8s de Badra Aliou Cheickna Kon\u00e9. Le juge a rejet\u00e9 la demande de mise en libert\u00e9 provisoire formul\u00e9e par sa d\u00e9fense dans le cadre d\u2019une affaire de d\u00e9tournement pr\u00e9sum\u00e9 de fonds publics.<\/div>\n<div dir=\"auto\"><\/div>\n<div dir=\"auto\">L\u2019ancien pr\u00e9sident de la d\u00e9l\u00e9gation sp\u00e9ciale de Matam est poursuivi aux c\u00f4t\u00e9s de plusieurs coaccus\u00e9s et entit\u00e9s morales. Les charges retenues contre lui incluent : le d\u00e9tournement de deniers publics et enrichissement illicite ; la corruption et prise ill\u00e9gale d\u2019int\u00e9r\u00eats ; le faux, usage de faux et escroquerie ; et le blanchiment de capitaux.<\/div>\n<div dir=\"auto\">L&rsquo;accusation porte sur des faits remontant \u00e0 f\u00e9vrier 2021, impliquant un montant estim\u00e9 \u00e0 plus de 240 milliards de francs guin\u00e9ens (GNF).<\/div>\n<div dir=\"auto\"><\/div>\n<div dir=\"auto\">D\u00e8s l&rsquo;ouverture des d\u00e9bats, la d\u00e9fense a soulev\u00e9 une exception de proc\u00e9dure bas\u00e9e sur le Code \u00e9lectoral, qui garantit une certaine protection aux candidats en p\u00e9riode de scrutin. Badra Kon\u00e9 figure en effet sur une liste de candidats pour les \u00e9lections communales du 31 mai 2026. Ses avocats ont ainsi plaid\u00e9 pour la suspension imm\u00e9diate des poursuites et sa remise en libert\u00e9.<\/div>\n<div dir=\"auto\">Toutefois, le minist\u00e8re public a fermement contest\u00e9 cette requ\u00eate en avan\u00e7ant deux arguments majeurs : les dispositions sp\u00e9cifiques r\u00e9gissant la CRIEF limitent l&rsquo;application de certaines protections juridiques ; et la liste \u00e9lectorale invoqu\u00e9e \u00e9tant encore au stade provisoire, le statut de candidat de l&rsquo;accus\u00e9 ne saurait \u00eatre juridiquement opposable \u00e0 ce stade.<\/div>\n<div dir=\"auto\"><\/div>\n<div dir=\"auto\">Apr\u00e8s d\u00e9lib\u00e9ration, la Cour a suivi les r\u00e9quisitions du parquet, rejetant la demande de mise en libert\u00e9 et ordonnant le maintien de l\u2019accus\u00e9 en d\u00e9tention.<\/div>\n<div dir=\"auto\">Cette d\u00e9cision intervient dans un climat politique tendu. Badra Kon\u00e9, t\u00eate de liste du parti G\u00e9n\u00e9ration pour la modernit\u00e9 et le d\u00e9veloppement (GMD) \u00e0 Matam, voit sa participation \u00e9lectorale compromise par ce revers judiciaire, redistribuant ainsi les cartes des enjeux locaux \u00e0 l&rsquo;approche du scrutin.<\/div>\n<div dir=\"auto\"><\/div>\n<div dir=\"auto\"><b>La r\u00e9daction<\/b><\/div>\n<div dir=\"auto\"><b>+224 628 00 36 63<\/b><\/div>\n<div dir=\"auto\"><\/div>\n","protected":false},"excerpt":{"rendered":"<p>La Cour de r\u00e9pression des infractions \u00e9conomiques et financi\u00e8res (CRIEF) a ordonn\u00e9, mercredi, 29 avril 2026 la poursuite du proc\u00e8s de Badra Aliou Cheickna Kon\u00e9. Le juge a rejet\u00e9 la demande de mise en libert\u00e9 provisoire formul\u00e9e par sa d\u00e9fense dans le cadre d\u2019une affaire de d\u00e9tournement pr\u00e9sum\u00e9 de fonds publics. L\u2019ancien pr\u00e9sident de la [&hellip;]<\/p>\n","protected":false},"author":2,"featured_media":0,"comment_status":"closed","ping_status":"closed","sticky":false,"template":"","format":"standard","meta":{"footnotes":""},"categories":[15,8,2],"tags":[],"class_list":{"0":"post-4722","1":"post","2":"type-post","3":"status-publish","4":"format-standard","6":"category-a-la-une","7":"category-actualites","8":"category-featured"},"_links":{"self":[{"href":"https:\/\/actu7.com\/index.php\/wp-json\/wp\/v2\/posts\/4722","targetHints":{"allow":["GET"]}}],"collection":[{"href":"https:\/\/actu7.com\/index.php\/wp-json\/wp\/v2\/posts"}],"about":[{"href":"https:\/\/actu7.com\/index.php\/wp-json\/wp\/v2\/types\/post"}],"author":[{"embeddable":true,"href":"https:\/\/actu7.com\/index.php\/wp-json\/wp\/v2\/users\/2"}],"replies":[{"embeddable":true,"href":"https:\/\/actu7.com\/index.php\/wp-json\/wp\/v2\/comments?post=4722"}],"version-history":[{"count":1,"href":"https:\/\/actu7.com\/index.php\/wp-json\/wp\/v2\/posts\/4722\/revisions"}],"predecessor-version":[{"id":4724,"href":"https:\/\/actu7.com\/index.php\/wp-json\/wp\/v2\/posts\/4722\/revisions\/4724"}],"wp:attachment":[{"href":"https:\/\/actu7.com\/index.php\/wp-json\/wp\/v2\/media?parent=4722"}],"wp:term":[{"taxonomy":"category","embeddable":true,"href":"https:\/\/actu7.com\/index.php\/wp-json\/wp\/v2\/categories?post=4722"},{"taxonomy":"post_tag","embeddable":true,"href":"https:\/\/actu7.com\/index.php\/wp-json\/wp\/v2\/tags?post=4722"}],"curies":[{"name":"wp","href":"https:\/\/api.w.org\/{rel}","templated":true}]}}