{"id":4719,"date":"2026-04-29T09:30:49","date_gmt":"2026-04-29T09:30:49","guid":{"rendered":"https:\/\/actu7.com\/?p=4719"},"modified":"2026-04-29T09:37:16","modified_gmt":"2026-04-29T09:37:16","slug":"renaissance-du-7eme-art-amadou-oury-bah-lance-le-chantier-titanesque-du-cinema-center-a-conakry","status":"publish","type":"post","link":"https:\/\/actu7.com\/index.php\/renaissance-du-7eme-art-amadou-oury-bah-lance-le-chantier-titanesque-du-cinema-center-a-conakry\/","title":{"rendered":"Renaissance du 7\u00e8me art : Amadou Oury Bah lance le chantier titanesque du\u00a0 \u00ab\u00a0Cin\u00e9ma Center\u00a0\u00bb \u00e0 Conakry"},"content":{"rendered":"<div dir=\"auto\">Le paysage urbain et culturel de Conakry s&rsquo;appr\u00eate \u00e0 vivre une m\u00e9tamorphose profonde. Mardi, 28 avril dernier, le premier ministre, chef du gouvernement, Amadou Oury Bah, a officiellement pos\u00e9 la premi\u00e8re pierre du Cin\u00e9ma Center de Guin\u00e9e.<\/div>\n<div dir=\"auto\">Ce projet ambitieux marque le lancement d&rsquo;un chantier qui promet de replacer le pays sur la carte de l&rsquo;industrie audiovisuelle africaine.<\/div>\n<div dir=\"auto\"><\/div>\n<div dir=\"auto\">Situ\u00e9 en plein c\u0153ur de la capitale, sur le site historique de l\u2019ancien cin\u00e9ma Libert\u00e9, le futur complexe ne se contentera pas de projeter des films. D\u00e9velopp\u00e9 sur une surface imposante de 45 000 m\u00e8tres carr\u00e9s, le projet se distingue par une architecture audacieuse comprenant : deux tours jumelles de 17 \u00e9tages qui domineront le skyline de Conakry ; 5 salles de projection modernes dot\u00e9es des derni\u00e8res technologies de pointe ; des studios de production audiovisuelle pour soutenir la cr\u00e9ation locale ; et un mus\u00e9e du cin\u00e9ma, v\u00e9ritable sanctuaire pour la m\u00e9moire cin\u00e9matographique du pays.<\/div>\n<div dir=\"auto\"><\/div>\n<div dir=\"auto\">Au-del\u00e0 de l&rsquo;aspect culturel, le Cin\u00e9ma Center est con\u00e7u comme un v\u00e9ritable p\u00f4le de vie. Le site int\u00e9grera des infrastructures commerciales et des espaces de loisirs, visant \u00e0 dynamiser l&rsquo;\u00e9conomie locale et \u00e0 offrir aux citoyens un nouveau lieu de rencontre et de divertissement.<\/div>\n<div dir=\"auto\"><i>\u00ab\u00a0Ce projet est bien plus qu&rsquo;un simple \u00e9difice ; c&rsquo;est le signal d&rsquo;une Guin\u00e9e qui investit dans son g\u00e9nie cr\u00e9ateur et modernise ses espaces de vie\u00a0\u00bb<\/i>, soulignent les autorit\u00e9s pr\u00e9sentes lors de la c\u00e9r\u00e9monie.<\/div>\n<div dir=\"auto\"><\/div>\n<div dir=\"auto\">Les travaux, dont la dur\u00e9e est estim\u00e9e \u00e0 deux ans, devraient transformer ce quartier historique en un centre d&rsquo;attraction majeur. Si le calendrier est respect\u00e9, Conakry disposera d\u00e8s 2028 d&rsquo;un complexe multidisciplinaire capable de rivaliser avec les plus grandes infrastructures du continent.<\/div>\n<div dir=\"auto\">Avec ce lancement, le gouvernement de transition r\u00e9affirme sa volont\u00e9 de faire de la culture un levier de d\u00e9veloppement \u00e9conomique et un vecteur de rayonnement international pour la Guin\u00e9e.<\/div>\n<div dir=\"auto\"><\/div>\n<div dir=\"auto\"><b>La r\u00e9daction<\/b><\/div>\n<div dir=\"auto\"><\/div>\n","protected":false},"excerpt":{"rendered":"<p>Le paysage urbain et culturel de Conakry s&rsquo;appr\u00eate \u00e0 vivre une m\u00e9tamorphose profonde. Mardi, 28 avril dernier, le premier ministre, chef du gouvernement, Amadou Oury Bah, a officiellement pos\u00e9 la premi\u00e8re pierre du Cin\u00e9ma Center de Guin\u00e9e. Ce projet ambitieux marque le lancement d&rsquo;un chantier qui promet de replacer le pays sur la carte de [&hellip;]<\/p>\n","protected":false},"author":2,"featured_media":4721,"comment_status":"closed","ping_status":"closed","sticky":false,"template":"","format":"standard","meta":{"footnotes":""},"categories":[15,5,2],"tags":[],"class_list":{"0":"post-4719","1":"post","2":"type-post","3":"status-publish","4":"format-standard","5":"has-post-thumbnail","7":"category-a-la-une","8":"category-culture","9":"category-featured"},"_links":{"self":[{"href":"https:\/\/actu7.com\/index.php\/wp-json\/wp\/v2\/posts\/4719","targetHints":{"allow":["GET"]}}],"collection":[{"href":"https:\/\/actu7.com\/index.php\/wp-json\/wp\/v2\/posts"}],"about":[{"href":"https:\/\/actu7.com\/index.php\/wp-json\/wp\/v2\/types\/post"}],"author":[{"embeddable":true,"href":"https:\/\/actu7.com\/index.php\/wp-json\/wp\/v2\/users\/2"}],"replies":[{"embeddable":true,"href":"https:\/\/actu7.com\/index.php\/wp-json\/wp\/v2\/comments?post=4719"}],"version-history":[{"count":1,"href":"https:\/\/actu7.com\/index.php\/wp-json\/wp\/v2\/posts\/4719\/revisions"}],"predecessor-version":[{"id":4720,"href":"https:\/\/actu7.com\/index.php\/wp-json\/wp\/v2\/posts\/4719\/revisions\/4720"}],"wp:featuredmedia":[{"embeddable":true,"href":"https:\/\/actu7.com\/index.php\/wp-json\/wp\/v2\/media\/4721"}],"wp:attachment":[{"href":"https:\/\/actu7.com\/index.php\/wp-json\/wp\/v2\/media?parent=4719"}],"wp:term":[{"taxonomy":"category","embeddable":true,"href":"https:\/\/actu7.com\/index.php\/wp-json\/wp\/v2\/categories?post=4719"},{"taxonomy":"post_tag","embeddable":true,"href":"https:\/\/actu7.com\/index.php\/wp-json\/wp\/v2\/tags?post=4719"}],"curies":[{"name":"wp","href":"https:\/\/api.w.org\/{rel}","templated":true}]}}