{"id":4710,"date":"2026-04-28T14:22:58","date_gmt":"2026-04-28T14:22:58","guid":{"rendered":"https:\/\/actu7.com\/?p=4710"},"modified":"2026-04-28T14:27:00","modified_gmt":"2026-04-28T14:27:00","slug":"mali-des-detonations-entendues-a-bamako-la-ville-de-kidal-toujours-aux-mains-du-jnim","status":"publish","type":"post","link":"https:\/\/actu7.com\/index.php\/mali-des-detonations-entendues-a-bamako-la-ville-de-kidal-toujours-aux-mains-du-jnim\/","title":{"rendered":"Mali: des d\u00e9tonations entendues \u00e0 Bamako, la ville de Kidal toujours aux mains du Jnim"},"content":{"rendered":"<div dir=\"auto\">Au Mali, trois jours apr\u00e8s les attaques conjointes des jihadistes du Groupe de soutien \u00e0 l\u2019islam et aux musulmans (Jnim) et du Front de lib\u00e9ration de l\u2019Azawad (FLA), les 24 et 25 avril, des d\u00e9tonations ont \u00e9t\u00e9 entendues dans la nuit du lundi 27 au mardi 28 avril \u00e0 Bamako, vers la zone a\u00e9roportuaire. Alors qu\u2019un calme pr\u00e9caire r\u00e8gne dans le pays, la ville de Kidal, dans le nord, reste aux mains du Jnim et du FLA, qui s\u2019organisent. Par ailleurs, l\u2019\u00e9tat de sant\u00e9 du num\u00e9ro trois du r\u00e9gime, le g\u00e9n\u00e9ral Modibo Kon\u00e9, patron de l\u2019Agence malienne de s\u00e9curit\u00e9 d\u2019\u00c9tat, se serait d\u00e9grad\u00e9.<\/div>\n<div dir=\"auto\"><\/div>\n<div dir=\"auto\">Au Mali, dans la nuit de lundi 27 \u00e0 mardi 28 avril, de fortes d\u00e9tonations ont \u00e9t\u00e9 entendues \u00e0 Bamako vers la zone a\u00e9roportuaire. Tirs de sommation ? Nouvelles attaques ? Pour le moment, aucune r\u00e9ponse pr\u00e9cise n&rsquo;a \u00e9t\u00e9 apport\u00e9e, rel\u00e8ve notre correspondant r\u00e9gional, Serge Daniel.<\/div>\n<div dir=\"auto\"><\/div>\n<div dir=\"auto\">\u00c0 Kati, ville-garnison localis\u00e9e \u00e0 une quinzaine de kilom\u00e8tres de la capitale, le calme semble revenu. Deux t\u00e9moins, interrog\u00e9s s\u00e9par\u00e9ment, confient avoir vu entrer dans la ville un convoi de cinq v\u00e9hicules administratifs. S\u2019agit-il du chef de la junte, le g\u00e9n\u00e9ral Assimi Go\u00efta, qui a \u00e9t\u00e9 exfiltr\u00e9 apr\u00e8s les attaques ? Depuis, le pr\u00e9sident de transition n\u2019a pas \u00e9t\u00e9 vu physiquement.<\/div>\n<div dir=\"auto\"><\/div>\n<div dir=\"auto\">Selon plusieurs sources, il aurait d\u2019abord \u00e9t\u00e9 mis \u00e0 l\u2019abri dans un camp des forces sp\u00e9ciales. Ses proches assurent qu\u2019il est bien \u00e0 Bamako mais des interrogations persistent. A-t-il des probl\u00e8mes de s\u00e9curit\u00e9? Serait-il d\u00e9pass\u00e9 par les \u00e9v\u00e9nements? Est-il en train de perdre la main? On ne peut pas dire \u00e0 ce stade que la junte malienne est d\u00e9capit\u00e9e, mais elle est tr\u00e8s affaiblie.<\/div>\n<div dir=\"auto\"><\/div>\n<div dir=\"auto\">Toujours selon des informations non confirm\u00e9es, Assimi Go\u00efta aurait re\u00e7u r\u00e9cemment un diplomate russe dans une zone du camp de Kati. Un \u00e9l\u00e9ment qui reste \u00e0 prendre avec pr\u00e9caution.<\/div>\n<div dir=\"auto\"><\/div>\n<div dir=\"auto\">Un autre indicateur est attendu : les obs\u00e8ques du ministre malien de la D\u00e9fense, le g\u00e9n\u00e9ral Sadio Camara, tu\u00e9 lors des attaques, doivent en principe se tenir jeudi \u00e0 Kati. Une \u00e9ventuelle absence du chef de la junte \u00e0 cette c\u00e9r\u00e9monie alimenterait davantage les interrogations.<\/div>\n<div dir=\"auto\"><\/div>\n<div dir=\"auto\">\u00c0 noter que l&rsquo;\u00e9tat de sant\u00e9 du num\u00e9ro trois, le g\u00e9n\u00e9ral Modibo Kon\u00e9, patron de l&rsquo;Agence malienne de s\u00e9curit\u00e9 de l&rsquo;\u00c9tat, se serait d\u00e9grad\u00e9. Il avait \u00e9t\u00e9 atteint de plusieurs balles lors des attaques du 25 avril.<\/div>\n<div dir=\"auto\"><\/div>\n<div dir=\"auto\"><b>Calme pr\u00e9caire \u00e0 l&rsquo;int\u00e9rieur du pays, Moscou souhaite un retour \u00ab au plus vite \u00bb \u00e0 la stabilit\u00e9<\/b><\/div>\n<div dir=\"auto\">\u00c0 l\u2019int\u00e9rieur du pays, un calme pr\u00e9caire r\u00e8gne. Dans la r\u00e9gion de Gao, des militaires de l\u2019arm\u00e9e r\u00e9guli\u00e8re ont abandonn\u00e9 leur position de la localit\u00e9 de Labbezanga pour se replier vers Ansogo. Dans la ville de M\u00e9naka, une attaque de jihadistes affili\u00e9s au groupe \u00c9tat islamique aurait \u00e9t\u00e9 repouss\u00e9e.<\/div>\n<div dir=\"auto\"><\/div>\n<div dir=\"auto\">Au nord-est, \u00e0 Kidal, les rebelles du FLA contr\u00f4lent toute la ville et ont entam\u00e9 des rencontres avec les populations locales, affirmant vouloir les \u00ab rassurer \u00bb. Les mercenaires russes de l&rsquo;Africa Corps, qui aidaient sur place l\u2019arm\u00e9e, ont quitt\u00e9 les lieux.<\/div>\n<div dir=\"auto\"><\/div>\n<div dir=\"auto\">Depuis Moscou, le Kremlin dit souhaiter un retour \u00ab au plus vite \u00bb \u00e0 la stabilit\u00e9. Interrog\u00e9 sur le sujet lors de son briefing quotidien, le porte-parole de la pr\u00e9sidence russe, Dmitri Peskov, a jug\u00e9 \u00ab important que le Mali retrouve rapidement une trajectoire pacifique et stable \u00bb. Il n\u2019a en revanche donn\u00e9 aucune information sur la situation du pr\u00e9sident de transition Assimi Go\u00efta, ni sur la capacit\u00e9 des paramilitaires d\u2019Africa Corps \u00e0 ma\u00eetriser la situation.<\/div>\n<div dir=\"auto\"><\/div>\n<div dir=\"auto\">Depuis samedi, le groupe multiplie depuis la diffusion de vid\u00e9os, cherchant \u00e0 d\u00e9montrer son engagement militaire. Une communication qui intervient alors que, selon plusieurs sources, certains officiels maliens accusent en priv\u00e9 de \u00ab trahison des amis russes \u00bb.<\/div>\n<div dir=\"auto\"><\/div>\n<div dir=\"auto\">Autre d\u00e9claration ce mardi : celle du vice-ministre russe des Affaires \u00e9trang\u00e8res, Gueorgui Borissenko. Il affirme que les paramilitaires d\u2019Africa Corps ont permis d\u2019emp\u00eacher un \u00ab coup d\u2019\u00c9tat \u00bb. Il reconna\u00eet toutefois que ces forces ont \u00ab subi des pertes \u00bb \u00ab lors de frappes dans plusieurs r\u00e9gions du pays \u00bb, sans communiquer de bilan.<\/div>\n<div dir=\"auto\"><\/div>\n<div dir=\"auto\">D\u00e8s samedi, la diplomatie russe avait fait part de son \u00ab inqui\u00e9tude \u00bb face \u00e0 des attaques jihadistes qu\u2019elle consid\u00e8re comme \u00ab une menace directe pour la stabilit\u00e9 \u00bb du Mali et de la r\u00e9gion.<\/div>\n<div dir=\"auto\"><\/div>\n<div dir=\"auto\">\u00c0 noter qu&rsquo;\u00e0 l&rsquo;international, Alger, qui rejette le terrorisme, r\u00e9affirme son soutien \u00e0 l&rsquo;unit\u00e9 territoriale du Mali, \u00e0 l&rsquo;unit\u00e9 de son peuple et de ses institutions. La France, de son c\u00f4t\u00e9, se dit \u00ab pr\u00e9occup\u00e9e face aux r\u00e9cents d\u00e9veloppements \u00bb, condamnant avec \u00ab fermet\u00e9 les violences commises \u00e0 l&rsquo;encontre des civils \u00bb et disant souhaiter une \u00ab paix et une stabilit\u00e9 durables \u00bb au Mali.<\/div>\n","protected":false},"excerpt":{"rendered":"<p>Au Mali, trois jours apr\u00e8s les attaques conjointes des jihadistes du Groupe de soutien \u00e0 l\u2019islam et aux musulmans (Jnim) et du Front de lib\u00e9ration de l\u2019Azawad (FLA), les 24 et 25 avril, des d\u00e9tonations ont \u00e9t\u00e9 entendues dans la nuit du lundi 27 au mardi 28 avril \u00e0 Bamako, vers la zone a\u00e9roportuaire. Alors [&hellip;]<\/p>\n","protected":false},"author":2,"featured_media":4712,"comment_status":"closed","ping_status":"closed","sticky":false,"template":"","format":"standard","meta":{"footnotes":""},"categories":[15,8,2],"tags":[],"class_list":{"0":"post-4710","1":"post","2":"type-post","3":"status-publish","4":"format-standard","5":"has-post-thumbnail","7":"category-a-la-une","8":"category-actualites","9":"category-featured"},"_links":{"self":[{"href":"https:\/\/actu7.com\/index.php\/wp-json\/wp\/v2\/posts\/4710","targetHints":{"allow":["GET"]}}],"collection":[{"href":"https:\/\/actu7.com\/index.php\/wp-json\/wp\/v2\/posts"}],"about":[{"href":"https:\/\/actu7.com\/index.php\/wp-json\/wp\/v2\/types\/post"}],"author":[{"embeddable":true,"href":"https:\/\/actu7.com\/index.php\/wp-json\/wp\/v2\/users\/2"}],"replies":[{"embeddable":true,"href":"https:\/\/actu7.com\/index.php\/wp-json\/wp\/v2\/comments?post=4710"}],"version-history":[{"count":0,"href":"https:\/\/actu7.com\/index.php\/wp-json\/wp\/v2\/posts\/4710\/revisions"}],"wp:featuredmedia":[{"embeddable":true,"href":"https:\/\/actu7.com\/index.php\/wp-json\/wp\/v2\/media\/4712"}],"wp:attachment":[{"href":"https:\/\/actu7.com\/index.php\/wp-json\/wp\/v2\/media?parent=4710"}],"wp:term":[{"taxonomy":"category","embeddable":true,"href":"https:\/\/actu7.com\/index.php\/wp-json\/wp\/v2\/categories?post=4710"},{"taxonomy":"post_tag","embeddable":true,"href":"https:\/\/actu7.com\/index.php\/wp-json\/wp\/v2\/tags?post=4710"}],"curies":[{"name":"wp","href":"https:\/\/api.w.org\/{rel}","templated":true}]}}