{"id":4706,"date":"2026-04-27T14:48:15","date_gmt":"2026-04-27T14:48:15","guid":{"rendered":"https:\/\/actu7.com\/?p=4706"},"modified":"2026-04-27T14:48:15","modified_gmt":"2026-04-27T14:48:15","slug":"israel-naftali-bennet-et-yair-lapid-deux-anciens-premiers-ministres-sallient-pour-battre-benyamin-netanyahou-aux-prochaines-elections","status":"publish","type":"post","link":"https:\/\/actu7.com\/index.php\/israel-naftali-bennet-et-yair-lapid-deux-anciens-premiers-ministres-sallient-pour-battre-benyamin-netanyahou-aux-prochaines-elections\/","title":{"rendered":"Isra\u00ebl : Naftali Bennet et Ya\u00efr Lapid, deux anciens premiers ministres, s\u2019allient pour battre Benyamin N\u00e9tanyahou aux prochaines \u00e9lections"},"content":{"rendered":"<div dir=\"auto\">Les deux hommes avaient form\u00e9 ensemble un gouvernement en juin 2021 auquel a succ\u00e9d\u00e9, \u00e0 la fin de 2022, le gouvernement dirig\u00e9 par l\u2019actuel premier ministre isra\u00e9lien.<\/div>\n<div dir=\"auto\">L\u2019ancien premier ministre isra\u00e9lien Naftali Bennett et le chef de l\u2019opposition, Ya\u00efr Lapid, qui avait \u00e9t\u00e9 bri\u00e8vement chef du gouvernement en 2022, se pr\u00e9senteront aux prochaines \u00e9lections sur une liste commune, ont annonc\u00e9 les deux hommes, dimanche 26 avril.<\/div>\n<div dir=\"auto\"><\/div>\n<div dir=\"auto\"><\/div>\n<div dir=\"auto\">\u00ab Je suis heureux d\u2019annoncer que ce soir, avec mon ami Ya\u00efr Lapid, je r\u00e9alise l\u2019acte le plus sioniste et patriotique que nous ayons jamais accompli pour notre pays. Ce soir, nous nous unissons et fondons le parti Beyahad [\u201censemble\u201d] sous ma direction, un parti qui m\u00e8nera \u00e0 une grande victoire et \u00e0 l\u2019ouverture d\u2019une nouvelle \u00e8re pour notre beau pays \u00bb, a d\u00e9clar\u00e9 M. Bennett lors d\u2019une conf\u00e9rence de presse.<\/div>\n<div dir=\"auto\"><\/div>\n<div dir=\"auto\">\u00ab Cette initiative conduit \u00e0 l\u2019unification du bloc du \u00bb camp du changement \u00ab et permet de concentrer tous les efforts pour conduire Isra\u00ebl vers la r\u00e9paration n\u00e9cessaire \u00bb, a affirm\u00e9 de son c\u00f4t\u00e9 M. Lapid. \u00ab Bennett est un homme de droite, mais de droite honn\u00eate, et il y a de la confiance entre nous \u00bb, a-t-il encore dit.<\/div>\n<div dir=\"auto\"><\/div>\n<div dir=\"auto\">M. Bennett a promis que, s\u2019il \u00e9tait \u00e9lu, il nommerait une commission nationale d\u2019enqu\u00eate sur les d\u00e9faillances ayant conduit au massacre du 7 octobre 2023, ce que refuse le gouvernement actuel.<\/div>\n<div dir=\"auto\"><\/div>\n<div dir=\"auto\"><b>Soutien de la jeunesse<\/b><\/div>\n<div dir=\"auto\">M. Bennett (droite) et M. Lapid (centre) avaient form\u00e9 ensemble un gouvernement en juin 2021 auquel a succ\u00e9d\u00e9 \u00e0 la fin de 2022 le gouvernement actuel dirig\u00e9 par Benyamin N\u00e9tanyahou. Selon les sondages, M. Bennett appara\u00eet comme le candidat le mieux plac\u00e9 pour battre M. N\u00e9tanyahou aux l\u00e9gislatives pr\u00e9vues en octobre. MM. Bennett et Lapid tiendront une conf\u00e9rence de presse commune dans la soir\u00e9e.<\/div>\n<div dir=\"auto\"><\/div>\n<div dir=\"auto\">Fils d\u2019immigrants am\u00e9ricains, M. Bennett, 54 ans, ancien entrepreneur high-tech, qui a revendu sa start-up en 2005 pour 145 millions de dollars (110 millions d\u2019euros), joue beaucoup sur son image d\u2019ex-officier commando de l\u2019arm\u00e9e isra\u00e9lienne, un profil lui assurant le soutien d\u2019une partie de la jeunesse, surtout apr\u00e8s plus de deux ans de guerre.<\/div>\n<div dir=\"auto\"><\/div>\n<div dir=\"auto\">Ancien conseiller de M. N\u00e9tanyahou, M. Bennett s\u2019est transform\u00e9 au fil des ann\u00e9es en farouche adversaire de la politique de son ancien mentor. Il a dirig\u00e9 plusieurs formations de droite avant de former un gouvernement d\u2019union large en 2021.<\/div>\n<div dir=\"auto\"><\/div>\n<div dir=\"auto\">Son nouveau colistier, M. Lapid, 62 ans, est le fils du d\u00e9funt journaliste et ministre Tommy Lapid, un rescap\u00e9 de la Shoah, et de l\u2019autrice reconnue Shoulamit Lapid. Journaliste vedette de la t\u00e9l\u00e9vision, il est entr\u00e9 en politique en 2012 en cr\u00e9ant le parti Yesh Atid (\u00ab Il y a un futur \u00bb), s\u2019imposant comme la seconde formation politique du pays et devenant depuis le chef de l\u2019opposition, hormis lors de sa br\u00e8ve participation au pouvoir.<\/div>\n<div dir=\"auto\"><\/div>\n<div dir=\"auto\"><b>Le Monde avec AFP<\/b><\/div>\n<div dir=\"auto\"><\/div>\n","protected":false},"excerpt":{"rendered":"<p>Les deux hommes avaient form\u00e9 ensemble un gouvernement en juin 2021 auquel a succ\u00e9d\u00e9, \u00e0 la fin de 2022, le gouvernement dirig\u00e9 par l\u2019actuel premier ministre isra\u00e9lien. L\u2019ancien premier ministre isra\u00e9lien Naftali Bennett et le chef de l\u2019opposition, Ya\u00efr Lapid, qui avait \u00e9t\u00e9 bri\u00e8vement chef du gouvernement en 2022, se pr\u00e9senteront aux prochaines \u00e9lections sur [&hellip;]<\/p>\n","protected":false},"author":2,"featured_media":4707,"comment_status":"closed","ping_status":"closed","sticky":false,"template":"","format":"standard","meta":{"footnotes":""},"categories":[15,2,4],"tags":[],"class_list":{"0":"post-4706","1":"post","2":"type-post","3":"status-publish","4":"format-standard","5":"has-post-thumbnail","7":"category-a-la-une","8":"category-featured","9":"category-politique"},"_links":{"self":[{"href":"https:\/\/actu7.com\/index.php\/wp-json\/wp\/v2\/posts\/4706","targetHints":{"allow":["GET"]}}],"collection":[{"href":"https:\/\/actu7.com\/index.php\/wp-json\/wp\/v2\/posts"}],"about":[{"href":"https:\/\/actu7.com\/index.php\/wp-json\/wp\/v2\/types\/post"}],"author":[{"embeddable":true,"href":"https:\/\/actu7.com\/index.php\/wp-json\/wp\/v2\/users\/2"}],"replies":[{"embeddable":true,"href":"https:\/\/actu7.com\/index.php\/wp-json\/wp\/v2\/comments?post=4706"}],"version-history":[{"count":0,"href":"https:\/\/actu7.com\/index.php\/wp-json\/wp\/v2\/posts\/4706\/revisions"}],"wp:featuredmedia":[{"embeddable":true,"href":"https:\/\/actu7.com\/index.php\/wp-json\/wp\/v2\/media\/4707"}],"wp:attachment":[{"href":"https:\/\/actu7.com\/index.php\/wp-json\/wp\/v2\/media?parent=4706"}],"wp:term":[{"taxonomy":"category","embeddable":true,"href":"https:\/\/actu7.com\/index.php\/wp-json\/wp\/v2\/categories?post=4706"},{"taxonomy":"post_tag","embeddable":true,"href":"https:\/\/actu7.com\/index.php\/wp-json\/wp\/v2\/tags?post=4706"}],"curies":[{"name":"wp","href":"https:\/\/api.w.org\/{rel}","templated":true}]}}