{"id":4700,"date":"2026-04-27T15:20:28","date_gmt":"2026-04-27T15:20:28","guid":{"rendered":"https:\/\/actu7.com\/?p=4700"},"modified":"2026-04-27T14:13:57","modified_gmt":"2026-04-27T14:13:57","slug":"reforme-de-lenseignement-superieur-dre-diaka-sidibe-lance-les-projets-mps-30-et-mps-32","status":"publish","type":"post","link":"https:\/\/actu7.com\/index.php\/reforme-de-lenseignement-superieur-dre-diaka-sidibe-lance-les-projets-mps-30-et-mps-32\/","title":{"rendered":"R\u00e9forme de l&rsquo;Enseignement Sup\u00e9rieur : Dre Diaka Sidib\u00e9 lance les projets MPS-30 et MPS-32"},"content":{"rendered":"<div dir=\"auto\"><i><b>La ministre de l\u2019Enseignement Sup\u00e9rieur, de la Recherche Scientifique et de l\u2019Innovation (MESRSI), Dre. Diaka Sidib\u00e9 a officiellement lanc\u00e9 lundi, 27 avril 2026 \u00e0 l\u2019atelier de r\u00e9forme des programmes de formation \u00e0 travers les projets MPS-30 et MPS-32.<\/b><\/i><\/div>\n<div dir=\"auto\">Pr\u00e8s de 300 participants, incluant des acteurs du secteur priv\u00e9, des partenaires techniques et financiers, ainsi que des experts du monde acad\u00e9mique avaient pris part audit atelier.<\/div>\n<div dir=\"auto\"><\/div>\n<div dir=\"auto\">Dans son allocution de bienvenue, le directeur g\u00e9n\u00e9ral de l\u2019Enseignement Sup\u00e9rieur, Dr. Sivory Doumbouya, a rappel\u00e9 que ces nouveaux projets ne partent pas de z\u00e9ro. Ils s&rsquo;inscrivent dans la continuit\u00e9 des r\u00e9formes engag\u00e9es depuis 2022, marqu\u00e9es par la r\u00e9vision curriculaire de 60 programmes de Master et d&rsquo;apprentissage, fruit du travail de 90 enseignants-chercheurs nationaux et 103 experts internationaux.<\/div>\n<div dir=\"auto\"><i>\u00ab\u00a0Ce patrimoine constitue aujourd&rsquo;hui, le socle sur lequel s&rsquo;\u00e9rigent les projets MPS-30 et MPS-32. Nous capitalisons et amplifions nos ambitions pour que l&rsquo;enseignement sup\u00e9rieur devienne un levier puissant de transformation \u00e9conomique et sociale\u00a0\u00bb<\/i>, a-t-il d\u00e9clar\u00e9.<\/div>\n<div dir=\"auto\"><\/div>\n<div dir=\"auto\">De son c\u00f4t\u00e9, le d\u00e9l\u00e9gu\u00e9 g\u00e9n\u00e9ral de l\u2019Unit\u00e9 d\u2019Ex\u00e9cution de Simandou 2040, Mamadou Angelo Diallo est revenu sur l\u2019urgence d\u2019aligner l\u2019universit\u00e9 sur les r\u00e9alit\u00e9s \u00e9conomiques du pays. Pour lui, la r\u00e9ussite du projet Simandou ne d\u00e9pendra pas uniquement de l&rsquo;extraction mini\u00e8re, mais de l&rsquo;intelligence humaine capable de la g\u00e9rer.<\/div>\n<div dir=\"auto\"><i>\u00ab\u00a0Nous ne voulons plus seulement des dipl\u00f4m\u00e9s, nous voulons des b\u00e2tisseurs d&rsquo;\u00e9conomie. Le programme Simandou 2040 est en marche, et c\u2019est dans vos amphith\u00e9\u00e2tres que se construit son moteur humain\u00a0\u00bb\u00a0<\/i>a-t-il dit<i>.<\/i><\/div>\n<div dir=\"auto\"><\/div>\n<div dir=\"auto\">En proc\u00e9dant au lancement officiel des travaux, Dre. Diaka Sidib\u00e9 a dress\u00e9 un constat sans concession, car, pour elle, malgr\u00e9 les 140 programmes d\u00e9j\u00e0 reconstruits, l\u2019ad\u00e9quation formation-emploi reste un d\u00e9fi majeur.<\/div>\n<div dir=\"auto\">Les chiffres selon elle, sont parlants :\u00a0<i>\u00ab\u00a0Sur les 15 000 dipl\u00f4m\u00e9s produits annuellement par les 48 institutions d\u2019enseignement sup\u00e9rieur du pays, seuls 38,96 % trouvent un emploi douze mois apr\u00e8s la fin de leurs \u00e9tudes.\u00a0<\/i><i>Cette fracture structurelle est inacceptable. La vision du programme Simandou 2040 est de transformer nos ressources naturelles en capital humain\u00a0\u00bb,<\/i>\u00a0a-t-elle martel\u00e9.<\/div>\n<div dir=\"auto\">Elle a aussi rappel\u00e9 que ce m\u00e9ga-projet devrait g\u00e9n\u00e9rer plus de 45 000 emplois directs et indirects d\u2019ici 2030.<\/div>\n<div dir=\"auto\"><img loading=\"lazy\" decoding=\"async\" class=\"alignnone size-medium wp-image-4703\" src=\"https:\/\/actu7.com\/wp-content\/uploads\/2026\/04\/FB_IMG_1777297905338-300x200.jpg\" alt=\"\" width=\"300\" height=\"200\" srcset=\"https:\/\/actu7.com\/wp-content\/uploads\/2026\/04\/FB_IMG_1777297905338-300x200.jpg 300w, https:\/\/actu7.com\/wp-content\/uploads\/2026\/04\/FB_IMG_1777297905338-1024x683.jpg 1024w, https:\/\/actu7.com\/wp-content\/uploads\/2026\/04\/FB_IMG_1777297905338-768x512.jpg 768w, https:\/\/actu7.com\/wp-content\/uploads\/2026\/04\/FB_IMG_1777297905338-1536x1025.jpg 1536w, https:\/\/actu7.com\/wp-content\/uploads\/2026\/04\/FB_IMG_1777297905338-696x464.jpg 696w, https:\/\/actu7.com\/wp-content\/uploads\/2026\/04\/FB_IMG_1777297905338-1068x712.jpg 1068w, https:\/\/actu7.com\/wp-content\/uploads\/2026\/04\/FB_IMG_1777297905338-1920x1281.jpg 1920w, https:\/\/actu7.com\/wp-content\/uploads\/2026\/04\/FB_IMG_1777297905338-630x420.jpg 630w, https:\/\/actu7.com\/wp-content\/uploads\/2026\/04\/FB_IMG_1777297905338.jpg 2048w\" sizes=\"auto, (max-width: 300px) 100vw, 300px\" \/><\/div>\n<div dir=\"auto\">Pour Dre. Diaka, la r\u00e9forme lanc\u00e9e ce jour vise plusieurs objectifs strat\u00e9giques notamment : l\u2019alignement de chaque contenu p\u00e9dagogique aux besoins r\u00e9els du march\u00e9 du travail pour les 15 prochaines ann\u00e9es ; la co-construire les offres de formation pour garantir l&rsquo;insertion des jeunes ; l\u2019int\u00e9gration de l&rsquo;intelligence artificielle, le num\u00e9rique et la gestion des donn\u00e9es (Big Data) ; et la consolidation du syst\u00e8me LMD (Licence, Master et Doctorat) par la g\u00e9n\u00e9ralisation du syst\u00e8me de cr\u00e9dits et la cr\u00e9ation&#8230;<\/div>\n<div dir=\"auto\"><\/div>\n<div dir=\"auto\">Pour clore son allocution, Dre. Diaka Sidib\u00e9 a appel\u00e9 \u00e0 une responsabilit\u00e9 historique pour que le succ\u00e8s de la Guin\u00e9e soit, avant tout, celui de l&rsquo;excellence acad\u00e9mique.<\/div>\n<div dir=\"auto\"><\/div>\n<div dir=\"auto\"><b>Par S\u00e9kouba Kourouma pour Actu7.com<\/b><\/div>\n<div dir=\"auto\"><b>+224 628 00 36 63<\/b><\/div>\n","protected":false},"excerpt":{"rendered":"<p>La ministre de l\u2019Enseignement Sup\u00e9rieur, de la Recherche Scientifique et de l\u2019Innovation (MESRSI), Dre. Diaka Sidib\u00e9 a officiellement lanc\u00e9 lundi, 27 avril 2026 \u00e0 l\u2019atelier de r\u00e9forme des programmes de formation \u00e0 travers les projets MPS-30 et MPS-32. Pr\u00e8s de 300 participants, incluant des acteurs du secteur priv\u00e9, des partenaires techniques et financiers, ainsi que [&hellip;]<\/p>\n","protected":false},"author":2,"featured_media":4701,"comment_status":"closed","ping_status":"closed","sticky":false,"template":"","format":"standard","meta":{"footnotes":""},"categories":[15,8,2],"tags":[],"class_list":{"0":"post-4700","1":"post","2":"type-post","3":"status-publish","4":"format-standard","5":"has-post-thumbnail","7":"category-a-la-une","8":"category-actualites","9":"category-featured"},"_links":{"self":[{"href":"https:\/\/actu7.com\/index.php\/wp-json\/wp\/v2\/posts\/4700","targetHints":{"allow":["GET"]}}],"collection":[{"href":"https:\/\/actu7.com\/index.php\/wp-json\/wp\/v2\/posts"}],"about":[{"href":"https:\/\/actu7.com\/index.php\/wp-json\/wp\/v2\/types\/post"}],"author":[{"embeddable":true,"href":"https:\/\/actu7.com\/index.php\/wp-json\/wp\/v2\/users\/2"}],"replies":[{"embeddable":true,"href":"https:\/\/actu7.com\/index.php\/wp-json\/wp\/v2\/comments?post=4700"}],"version-history":[{"count":0,"href":"https:\/\/actu7.com\/index.php\/wp-json\/wp\/v2\/posts\/4700\/revisions"}],"wp:featuredmedia":[{"embeddable":true,"href":"https:\/\/actu7.com\/index.php\/wp-json\/wp\/v2\/media\/4701"}],"wp:attachment":[{"href":"https:\/\/actu7.com\/index.php\/wp-json\/wp\/v2\/media?parent=4700"}],"wp:term":[{"taxonomy":"category","embeddable":true,"href":"https:\/\/actu7.com\/index.php\/wp-json\/wp\/v2\/categories?post=4700"},{"taxonomy":"post_tag","embeddable":true,"href":"https:\/\/actu7.com\/index.php\/wp-json\/wp\/v2\/tags?post=4700"}],"curies":[{"name":"wp","href":"https:\/\/api.w.org\/{rel}","templated":true}]}}