{"id":4366,"date":"2026-03-25T17:46:29","date_gmt":"2026-03-25T17:46:29","guid":{"rendered":"https:\/\/actu7.com\/?p=4366"},"modified":"2026-03-25T17:46:29","modified_gmt":"2026-03-25T17:46:29","slug":"inauguration-du-nouveau-siege-de-la-bcrg-un-jalon-majeur-pour-la-souverainete-economique-de-la-guinee","status":"publish","type":"post","link":"https:\/\/actu7.com\/index.php\/inauguration-du-nouveau-siege-de-la-bcrg-un-jalon-majeur-pour-la-souverainete-economique-de-la-guinee\/","title":{"rendered":"Inauguration du nouveau si\u00e8ge de la BCRG : Un jalon majeur pour la souverainet\u00e9 \u00e9conomique de la Guin\u00e9e"},"content":{"rendered":"<div dir=\"auto\">Le Pr\u00e9sident de la R\u00e9publique, Mamadi Doumbouya, a pr\u00e9sid\u00e9 mercredi 25 mars 2026 la c\u00e9r\u00e9monie d\u2019inauguration du nouveau si\u00e8ge de la Banque Centrale de la R\u00e9publique de Guin\u00e9e (BCRG), situ\u00e9 dans la commune de Kaloum.<\/div>\n<div dir=\"auto\">Pour cet \u00e9v\u00e9nement d\u2019envergure, le Chef de l\u2019\u00c9tat \u00e9tait entour\u00e9 du Pemier ministre, Amadou Oury Bah, du Ministre Secr\u00e9taire g\u00e9n\u00e9ral de la Pr\u00e9sidence, le G\u00e9n\u00e9ral Amara Camara, ainsi que de plusieurs membres du Gouvernement.<\/div>\n<div dir=\"auto\"><\/div>\n<div dir=\"auto\">Dans son allocution, le Gouverneur de la BCRG, Dr Karamo Kaba, a soulign\u00e9 que cette nouvelle infrastructure est le symbole de la refondation de l\u2019institution mon\u00e9taire. Elle traduit, selon lui, l\u2019engagement ferme des autorit\u00e9s pour \u00e0 b\u00e2tir une \u00e9conomie nationale solide et r\u00e9siliente.<\/div>\n<div dir=\"auto\"><i>\u00ab\u00a0La construction de cet \u00e9difice constitue un levier suppl\u00e9mentaire pour consolider la stabilit\u00e9 de notre \u00e9conomie\u00a0\u00bb,\u00a0<\/i>a d\u00e9clar\u00e9 le Gouverneur.<\/div>\n<div dir=\"auto\"><\/div>\n<div dir=\"auto\">Dr Karamo Kaba a profit\u00e9 de cette tribune pour saluer les performances \u00e9conomiques actuelles du pays, marqu\u00e9es par : une croissance soutenue et durable ; une inflation ma\u00eetris\u00e9e malgr\u00e9 la conjoncture internationale ; un franc guin\u00e9en consolid\u00e9, t\u00e9moignant de la rigueur de la politique mon\u00e9taire.<\/div>\n<div dir=\"auto\">S&rsquo;adressant directement au Chef de l&rsquo;\u00c9tat, le Gouverneur a pr\u00e9cis\u00e9 :<i>\u00a0\u00ab\u00a0Le b\u00e2timent que nous inaugurons aujourd\u2019hui est bien plus qu\u2019un si\u00e8ge administratif. C\u2019est le symbole d\u2019une institution forte, d\u2019une banque centrale moderne et d\u2019un \u00c9tat qui se construit sur les piliers de la cr\u00e9dibilit\u00e9, de la discipline et de la vision.\u00a0\u00bb<\/i><\/div>\n<div dir=\"auto\">Pour terminer son intervention, Dr. Karamoko Kaba a r\u00e9affirm\u00e9 qu&rsquo;\u00e0 travers cette infrastructure, c\u2019est une certaine id\u00e9e de la Guin\u00e9e qui s\u2019affirme. Celle d&rsquo;une nation qui investit dans ses institutions, renforce sa gouvernance et se donne les moyens de r\u00e9pondre aux d\u00e9fis de son peuple.<\/div>\n<div dir=\"auto\">La c\u00e9r\u00e9monie a pris fin par la coupure du cordon inaugural par le Chef de l\u2019\u00c9tat, Mamadi Doumbouya.<\/div>\n<div dir=\"auto\"><\/div>\n<div dir=\"auto\"><b>La r\u00e9daction\u00a0<\/b><\/div>\n<div dir=\"auto\"><b>+224 628 00 36 63\u00a0<\/b><\/div>\n<div dir=\"auto\"><\/div>\n","protected":false},"excerpt":{"rendered":"<p>Le Pr\u00e9sident de la R\u00e9publique, Mamadi Doumbouya, a pr\u00e9sid\u00e9 mercredi 25 mars 2026 la c\u00e9r\u00e9monie d\u2019inauguration du nouveau si\u00e8ge de la Banque Centrale de la R\u00e9publique de Guin\u00e9e (BCRG), situ\u00e9 dans la commune de Kaloum. Pour cet \u00e9v\u00e9nement d\u2019envergure, le Chef de l\u2019\u00c9tat \u00e9tait entour\u00e9 du Pemier ministre, Amadou Oury Bah, du Ministre Secr\u00e9taire g\u00e9n\u00e9ral [&hellip;]<\/p>\n","protected":false},"author":2,"featured_media":4367,"comment_status":"closed","ping_status":"closed","sticky":false,"template":"","format":"standard","meta":{"footnotes":""},"categories":[15,7,2],"tags":[],"class_list":{"0":"post-4366","1":"post","2":"type-post","3":"status-publish","4":"format-standard","5":"has-post-thumbnail","7":"category-a-la-une","8":"category-economie","9":"category-featured"},"_links":{"self":[{"href":"https:\/\/actu7.com\/index.php\/wp-json\/wp\/v2\/posts\/4366","targetHints":{"allow":["GET"]}}],"collection":[{"href":"https:\/\/actu7.com\/index.php\/wp-json\/wp\/v2\/posts"}],"about":[{"href":"https:\/\/actu7.com\/index.php\/wp-json\/wp\/v2\/types\/post"}],"author":[{"embeddable":true,"href":"https:\/\/actu7.com\/index.php\/wp-json\/wp\/v2\/users\/2"}],"replies":[{"embeddable":true,"href":"https:\/\/actu7.com\/index.php\/wp-json\/wp\/v2\/comments?post=4366"}],"version-history":[{"count":0,"href":"https:\/\/actu7.com\/index.php\/wp-json\/wp\/v2\/posts\/4366\/revisions"}],"wp:featuredmedia":[{"embeddable":true,"href":"https:\/\/actu7.com\/index.php\/wp-json\/wp\/v2\/media\/4367"}],"wp:attachment":[{"href":"https:\/\/actu7.com\/index.php\/wp-json\/wp\/v2\/media?parent=4366"}],"wp:term":[{"taxonomy":"category","embeddable":true,"href":"https:\/\/actu7.com\/index.php\/wp-json\/wp\/v2\/categories?post=4366"},{"taxonomy":"post_tag","embeddable":true,"href":"https:\/\/actu7.com\/index.php\/wp-json\/wp\/v2\/tags?post=4366"}],"curies":[{"name":"wp","href":"https:\/\/api.w.org\/{rel}","templated":true}]}}