{"id":4345,"date":"2026-03-24T21:13:20","date_gmt":"2026-03-24T21:13:20","guid":{"rendered":"https:\/\/actu7.com\/?p=4345"},"modified":"2026-03-24T21:13:20","modified_gmt":"2026-03-24T21:13:20","slug":"elections-communales-a-matam-badra-kone-annonce-sa-demission-et-confirme-sa-candidature","status":"publish","type":"post","link":"https:\/\/actu7.com\/index.php\/elections-communales-a-matam-badra-kone-annonce-sa-demission-et-confirme-sa-candidature\/","title":{"rendered":"\u00c9lections Communales \u00e0 Matam : Badra Kon\u00e9 annonce sa d\u00e9mission et confirme sa candidature"},"content":{"rendered":"<div dir=\"auto\">Dans la foul\u00e9e de la pr\u00e9sentation de son bilan de gestion mardi, 24 mars 2026, le pr\u00e9sident de la d\u00e9l\u00e9gation sp\u00e9ciale de Matam, Badra Kon\u00e9, a officiellement annonc\u00e9 sa d\u00e9cision de briguer la mairie lors des prochaines \u00e9lections communales. Conform\u00e9ment aux directives minist\u00e9rielles, il s\u2019appr\u00eate \u00e0 quitter ses fonctions actuelles pour se consacrer \u00e0 sa campagne.<\/div>\n<div dir=\"auto\"><\/div>\n<div dir=\"auto\">Nomm\u00e9 le 15 avril 2024 et install\u00e9 officiellement le 23 avril de la m\u00eame ann\u00e9e, Badra Kon\u00e9 aura marqu\u00e9 la transition \u00e0 la t\u00eate de la commune de Matam. Lors de la pr\u00e9sentation de son rapport d\u2019activit\u00e9 couvrant les 21 derniers mois, le pr\u00e9sident de la d\u00e9l\u00e9gation sp\u00e9ciale a clarifi\u00e9 sa position politique. Cette annonce fait suite au r\u00e9cent communiqu\u00e9 du Minist\u00e8re de l\u2019Administration du Territoire et de la D\u00e9centralisation (MATD).<\/div>\n<div dir=\"auto\">Pour rappel, cette directive impose \u00e0 tout pr\u00e9sident de d\u00e9l\u00e9gation sp\u00e9ciale souhaitant se porter candidat aux \u00e9lections locales de d\u00e9missionner pr\u00e9alablement de son poste. Fid\u00e8le \u00e0 cette exigence l\u00e9gale, Badra Kon\u00e9 a d\u00e9clar\u00e9 qu&rsquo;il se plierait \u00e0 cet exercice dans les prochaines heures afin de valider sa candidature.<\/div>\n<div dir=\"auto\"><\/div>\n<div dir=\"auto\">L\u2019annonce a \u00e9t\u00e9 accueillie par des salves d&rsquo;applaudissements de la part des citoyens de Matam venus assister \u00e0 la c\u00e9r\u00e9monie de pr\u00e9sentation du bilan. Pour de nombreux observateurs locaux, cette candidature s&rsquo;inscrit dans une suite logique au regard des chantiers entam\u00e9s.<\/div>\n<div dir=\"auto\"><i>\u00ab\u00a0Mon ambition est de transformer le visage de notre commune en un v\u00e9ritable eldorado o\u00f9 il fera bon vivre\u00a0\u00bb,<\/i>\u00a0a affirm\u00e9 Badra Kon\u00e9.<\/div>\n<div dir=\"auto\"><\/div>\n<div dir=\"auto\">Le candidat d\u00e9clar\u00e9 s&rsquo;appuie sur les projets structurants lanc\u00e9s durant sa gestion pour convaincre les \u00e9lecteurs. Selon lui, la dynamique enclench\u00e9e ces 21 derniers mois prouve que la commune de Matam poss\u00e8de le potentiel pour devenir la vitrine exemplaire des collectivit\u00e9s locales du pays.<\/div>\n<div dir=\"auto\">Avec ce retrait de la d\u00e9l\u00e9gation sp\u00e9ciale, la course \u00e0 la mairie de Matam prend une nouvelle tournure, pla\u00e7ant Badra Kon\u00e9 comme l&rsquo;un des pr\u00e9tendants s\u00e9rieux \u00e0 sa propre succession par la voie des urnes.<\/div>\n<div dir=\"auto\"><\/div>\n<div dir=\"auto\"><b>Par S\u00e9kouba Kourouma pour Actu7.com<\/b><\/div>\n<div dir=\"auto\"><b>+224 628 00 36 63<\/b><\/div>\n","protected":false},"excerpt":{"rendered":"<p>Dans la foul\u00e9e de la pr\u00e9sentation de son bilan de gestion mardi, 24 mars 2026, le pr\u00e9sident de la d\u00e9l\u00e9gation sp\u00e9ciale de Matam, Badra Kon\u00e9, a officiellement annonc\u00e9 sa d\u00e9cision de briguer la mairie lors des prochaines \u00e9lections communales. Conform\u00e9ment aux directives minist\u00e9rielles, il s\u2019appr\u00eate \u00e0 quitter ses fonctions actuelles pour se consacrer \u00e0 sa [&hellip;]<\/p>\n","protected":false},"author":2,"featured_media":4346,"comment_status":"closed","ping_status":"closed","sticky":false,"template":"","format":"standard","meta":{"footnotes":""},"categories":[1],"tags":[],"class_list":{"0":"post-4345","1":"post","2":"type-post","3":"status-publish","4":"format-standard","5":"has-post-thumbnail","7":"category-non-classe"},"_links":{"self":[{"href":"https:\/\/actu7.com\/index.php\/wp-json\/wp\/v2\/posts\/4345","targetHints":{"allow":["GET"]}}],"collection":[{"href":"https:\/\/actu7.com\/index.php\/wp-json\/wp\/v2\/posts"}],"about":[{"href":"https:\/\/actu7.com\/index.php\/wp-json\/wp\/v2\/types\/post"}],"author":[{"embeddable":true,"href":"https:\/\/actu7.com\/index.php\/wp-json\/wp\/v2\/users\/2"}],"replies":[{"embeddable":true,"href":"https:\/\/actu7.com\/index.php\/wp-json\/wp\/v2\/comments?post=4345"}],"version-history":[{"count":0,"href":"https:\/\/actu7.com\/index.php\/wp-json\/wp\/v2\/posts\/4345\/revisions"}],"wp:featuredmedia":[{"embeddable":true,"href":"https:\/\/actu7.com\/index.php\/wp-json\/wp\/v2\/media\/4346"}],"wp:attachment":[{"href":"https:\/\/actu7.com\/index.php\/wp-json\/wp\/v2\/media?parent=4345"}],"wp:term":[{"taxonomy":"category","embeddable":true,"href":"https:\/\/actu7.com\/index.php\/wp-json\/wp\/v2\/categories?post=4345"},{"taxonomy":"post_tag","embeddable":true,"href":"https:\/\/actu7.com\/index.php\/wp-json\/wp\/v2\/tags?post=4345"}],"curies":[{"name":"wp","href":"https:\/\/api.w.org\/{rel}","templated":true}]}}