{"id":4299,"date":"2026-03-16T15:12:49","date_gmt":"2026-03-16T15:12:49","guid":{"rendered":"https:\/\/actu7.com\/?p=4299"},"modified":"2026-03-16T15:12:49","modified_gmt":"2026-03-16T15:12:49","slug":"action-humanitaire-long-aae-reaffirme-son-engagement-social-par-une-remise-de-dons-a-conakry","status":"publish","type":"post","link":"https:\/\/actu7.com\/index.php\/action-humanitaire-long-aae-reaffirme-son-engagement-social-par-une-remise-de-dons-a-conakry\/","title":{"rendered":"Action Humanitaire : L&rsquo;ONG AAE r\u00e9affirme son engagement social par une remise de dons \u00e0 Conakry"},"content":{"rendered":"<div dir=\"auto\">\u00c0 l\u2019occasion du mois saint de Ramadan et du Car\u00eame chr\u00e9tien, l&rsquo;ONG Aide \u00e0 l&rsquo;Enfance (AAE) a organis\u00e9, lundi, 16 mars 2026, une distribution de vivres \u00e0 la Cit\u00e9 de la Solidarit\u00e9 de Conakry, situ\u00e9e dans la commune de Ratoma. Des lots compos\u00e9s de riz, de sucre et de lait ont \u00e9t\u00e9 remis \u00e0 des personnes handicap\u00e9es, d\u00e9munies ou en situation de grande pr\u00e9carit\u00e9, dont de nombreux mendiants install\u00e9s aux abords du centre.<\/div>\n<div dir=\"auto\"><\/div>\n<div dir=\"auto\">Fond\u00e9e en 1997, l&rsquo;association AAE \u0153uvre pour le d\u00e9veloppement socio-\u00e9conomique de la Guin\u00e9e en ciblant les groupes les plus fragiles : enfants, jeunes, femmes en situation de pr\u00e9carit\u00e9 et personnes \u00e0 mobilit\u00e9 r\u00e9duite.<\/div>\n<div dir=\"auto\"><img loading=\"lazy\" decoding=\"async\" class=\"alignnone size-medium wp-image-4301\" src=\"https:\/\/actu7.com\/wp-content\/uploads\/2026\/03\/IMG-20260316-WA0014-300x199.jpg\" alt=\"\" width=\"300\" height=\"199\" srcset=\"https:\/\/actu7.com\/wp-content\/uploads\/2026\/03\/IMG-20260316-WA0014-300x199.jpg 300w, https:\/\/actu7.com\/wp-content\/uploads\/2026\/03\/IMG-20260316-WA0014-1024x679.jpg 1024w, https:\/\/actu7.com\/wp-content\/uploads\/2026\/03\/IMG-20260316-WA0014-768x509.jpg 768w, https:\/\/actu7.com\/wp-content\/uploads\/2026\/03\/IMG-20260316-WA0014-696x462.jpg 696w, https:\/\/actu7.com\/wp-content\/uploads\/2026\/03\/IMG-20260316-WA0014-1068x708.jpg 1068w, https:\/\/actu7.com\/wp-content\/uploads\/2026\/03\/IMG-20260316-WA0014-633x420.jpg 633w, https:\/\/actu7.com\/wp-content\/uploads\/2026\/03\/IMG-20260316-WA0014.jpg 1280w\" sizes=\"auto, (max-width: 300px) 100vw, 300px\" \/><\/div>\n<div dir=\"auto\">Dans son discours de circonstance, Mme Aminata Ciss\u00e9, Secr\u00e9taire charg\u00e9e des Affaires sociales, a pr\u00e9cis\u00e9 le sens de cette initiative.<\/div>\n<div dir=\"auto\"><i>\u00ab\u00a0C\u2019est un r\u00e9el honneur pour moi de prendre la parole aujourd\u2019hui. En ce mois particulier, nous avons choisi de soutenir les pensionnaires de la Cit\u00e9 de la Solidarit\u00e9 en cette p\u00e9riode de Car\u00eame et de Ramadan. \u00c0 travers cet acte, notre objectif est de venir en aide aux d\u00e9munis issus de diff\u00e9rentes communaut\u00e9s religieuses, dans un esprit de partage et de fraternit\u00e9. Notre engagement reste le m\u00eame : soutenir les plus vuln\u00e9rables et promouvoir les valeurs de solidarit\u00e9 au sein de notre soci\u00e9t\u00e9\u00a0\u00bb,<\/i>\u00a0a-t-elle soulign\u00e9.<\/div>\n<div dir=\"auto\"><img loading=\"lazy\" decoding=\"async\" class=\"alignnone size-medium wp-image-4302\" src=\"https:\/\/actu7.com\/wp-content\/uploads\/2026\/03\/IMG-20260316-WA0015-300x169.jpg\" alt=\"\" width=\"300\" height=\"169\" srcset=\"https:\/\/actu7.com\/wp-content\/uploads\/2026\/03\/IMG-20260316-WA0015-300x169.jpg 300w, https:\/\/actu7.com\/wp-content\/uploads\/2026\/03\/IMG-20260316-WA0015-1024x576.jpg 1024w, https:\/\/actu7.com\/wp-content\/uploads\/2026\/03\/IMG-20260316-WA0015-768x432.jpg 768w, https:\/\/actu7.com\/wp-content\/uploads\/2026\/03\/IMG-20260316-WA0015-696x392.jpg 696w, https:\/\/actu7.com\/wp-content\/uploads\/2026\/03\/IMG-20260316-WA0015-1068x601.jpg 1068w, https:\/\/actu7.com\/wp-content\/uploads\/2026\/03\/IMG-20260316-WA0015-747x420.jpg 747w, https:\/\/actu7.com\/wp-content\/uploads\/2026\/03\/IMG-20260316-WA0015.jpg 1280w\" sizes=\"auto, (max-width: 300px) 100vw, 300px\" \/><\/div>\n<div dir=\"auto\">Au nom du pr\u00e9sident de l&rsquo;association, M. Sy Karamo Sidiki, le Secr\u00e9taire g\u00e9n\u00e9ral de l&rsquo;ONG, M. Kaba Alpha Mamadou, a bri\u00e8vement rappel\u00e9 les objectifs et les actions phares d\u00e9j\u00e0 r\u00e9alis\u00e9es par l&rsquo;organisation.<\/div>\n<div dir=\"auto\"><i>\u00ab\u00a0Nous avons men\u00e9 plusieurs actions marquantes, notamment, la distribution de v\u00eatements au d\u00e9but des ann\u00e9es 2000, initiatives de promotion du vivre-ensemble aupr\u00e8s des jeunes, ou encore l&rsquo;autonomisation des personnes \u00e0 mobilit\u00e9 r\u00e9duite via des activit\u00e9s g\u00e9n\u00e9ratrices de revenus en 2018 et 2019. Nous avons \u00e9galement organis\u00e9 des collectes de sang et distribu\u00e9 des masques durant la pand\u00e9mie de Covid-19\u00a0\u00bb.<\/i><\/div>\n<div dir=\"auto\">Il a \u00e9galement ajout\u00e9 que l&rsquo;ann\u00e9e 2025 a \u00e9t\u00e9 marqu\u00e9e par un match de gala en hommage aux membres disparus de l&rsquo;ONG, suivi d&rsquo;un don de pagnes. En plus de l&rsquo;appui mat\u00e9riel, l&rsquo;ONG sensibilise activement la jeunesse aux enjeux sociaux, notamment les risques li\u00e9s \u00e0 l&rsquo;immigration irr\u00e9guli\u00e8re.<\/div>\n<div dir=\"auto\"><i>\u00ab\u00a0En 2026, l&rsquo;AAE entend consolider et amplifier cette dynamique pour accro\u00eetre durablement son impact en Guin\u00e9e, en se focalisant sur nos populations cibles afin d&rsquo;am\u00e9liorer positivement leur existence\u00a0\u00bb,\u00a0<\/i>a-t-il affirm\u00e9.<\/div>\n<div dir=\"auto\"><img loading=\"lazy\" decoding=\"async\" class=\"alignnone size-medium wp-image-4303\" src=\"https:\/\/actu7.com\/wp-content\/uploads\/2026\/03\/IMG-20260316-WA0017-300x189.jpg\" alt=\"\" width=\"300\" height=\"189\" srcset=\"https:\/\/actu7.com\/wp-content\/uploads\/2026\/03\/IMG-20260316-WA0017-300x189.jpg 300w, https:\/\/actu7.com\/wp-content\/uploads\/2026\/03\/IMG-20260316-WA0017-1024x646.jpg 1024w, https:\/\/actu7.com\/wp-content\/uploads\/2026\/03\/IMG-20260316-WA0017-768x485.jpg 768w, https:\/\/actu7.com\/wp-content\/uploads\/2026\/03\/IMG-20260316-WA0017-696x439.jpg 696w, https:\/\/actu7.com\/wp-content\/uploads\/2026\/03\/IMG-20260316-WA0017-1068x674.jpg 1068w, https:\/\/actu7.com\/wp-content\/uploads\/2026\/03\/IMG-20260316-WA0017-665x420.jpg 665w, https:\/\/actu7.com\/wp-content\/uploads\/2026\/03\/IMG-20260316-WA0017.jpg 1280w\" sizes=\"auto, (max-width: 300px) 100vw, 300px\" \/><\/div>\n<div dir=\"auto\">Prenant la parole pour l\u2019occasion, le directeur g\u00e9n\u00e9ral adjoint de la Cit\u00e9 de la Solidarit\u00e9, M. Camara, a rappel\u00e9 que l&rsquo;\u00e9tablissement est toujours reconnaissant de ce type de gestes, tout en soulignant l&rsquo;ampleur des besoins.<\/div>\n<div dir=\"auto\"><i>\u00ab\u00a0Ce n&rsquo;est pas la premi\u00e8re fois qu&rsquo;une telle initiative se produit ici. La porte est grandement ouverte \u00e0 tous les donateurs. J&rsquo;invite chacun \u00e0 suivre cet exemple, car cela nous va droit au c\u0153ur. Quel que soit le don, il n&rsquo;est jamais petit. La population de la Cit\u00e9 compte actuellement 756 personnes r\u00e9parties en 130 familles. M\u00eame un seul sac de riz ou un sachet est pr\u00e9cieux pour nos pensionnaires vuln\u00e9rables\u00a0\u00bb,\u00a0<\/i>a-t-il conclu.<\/div>\n<div dir=\"auto\"><\/div>\n<div dir=\"auto\"><b>La r\u00e9daction<\/b><\/div>\n","protected":false},"excerpt":{"rendered":"<p>\u00c0 l\u2019occasion du mois saint de Ramadan et du Car\u00eame chr\u00e9tien, l&rsquo;ONG Aide \u00e0 l&rsquo;Enfance (AAE) a organis\u00e9, lundi, 16 mars 2026, une distribution de vivres \u00e0 la Cit\u00e9 de la Solidarit\u00e9 de Conakry, situ\u00e9e dans la commune de Ratoma. Des lots compos\u00e9s de riz, de sucre et de lait ont \u00e9t\u00e9 remis \u00e0 des [&hellip;]<\/p>\n","protected":false},"author":2,"featured_media":4300,"comment_status":"closed","ping_status":"closed","sticky":false,"template":"","format":"standard","meta":{"footnotes":""},"categories":[15,2,10],"tags":[],"class_list":{"0":"post-4299","1":"post","2":"type-post","3":"status-publish","4":"format-standard","5":"has-post-thumbnail","7":"category-a-la-une","8":"category-featured","9":"category-societe-2"},"_links":{"self":[{"href":"https:\/\/actu7.com\/index.php\/wp-json\/wp\/v2\/posts\/4299","targetHints":{"allow":["GET"]}}],"collection":[{"href":"https:\/\/actu7.com\/index.php\/wp-json\/wp\/v2\/posts"}],"about":[{"href":"https:\/\/actu7.com\/index.php\/wp-json\/wp\/v2\/types\/post"}],"author":[{"embeddable":true,"href":"https:\/\/actu7.com\/index.php\/wp-json\/wp\/v2\/users\/2"}],"replies":[{"embeddable":true,"href":"https:\/\/actu7.com\/index.php\/wp-json\/wp\/v2\/comments?post=4299"}],"version-history":[{"count":0,"href":"https:\/\/actu7.com\/index.php\/wp-json\/wp\/v2\/posts\/4299\/revisions"}],"wp:featuredmedia":[{"embeddable":true,"href":"https:\/\/actu7.com\/index.php\/wp-json\/wp\/v2\/media\/4300"}],"wp:attachment":[{"href":"https:\/\/actu7.com\/index.php\/wp-json\/wp\/v2\/media?parent=4299"}],"wp:term":[{"taxonomy":"category","embeddable":true,"href":"https:\/\/actu7.com\/index.php\/wp-json\/wp\/v2\/categories?post=4299"},{"taxonomy":"post_tag","embeddable":true,"href":"https:\/\/actu7.com\/index.php\/wp-json\/wp\/v2\/tags?post=4299"}],"curies":[{"name":"wp","href":"https:\/\/api.w.org\/{rel}","templated":true}]}}