{"id":4219,"date":"2026-03-08T18:00:53","date_gmt":"2026-03-08T18:00:53","guid":{"rendered":"https:\/\/actu7.com\/?p=4219"},"modified":"2026-03-08T18:00:55","modified_gmt":"2026-03-08T18:00:55","slug":"conakry-une-lecture-du-saint-coran-en-hommage-a-kerfalla-person-camara-kpc-pour-son-anniversaire","status":"publish","type":"post","link":"https:\/\/actu7.com\/index.php\/conakry-une-lecture-du-saint-coran-en-hommage-a-kerfalla-person-camara-kpc-pour-son-anniversaire\/","title":{"rendered":"Conakry : Une lecture du Saint Coran en hommage \u00e0 Kerfalla Person Camara (KPC) pour son anniversaire"},"content":{"rendered":"<div dir=\"auto\">\u00c0 l\u2019initiative du directeur g\u00e9n\u00e9ral de Radio Nostalgie Guin\u00e9e, Amadou Hamza Bah une lecture compl\u00e8te du Saint Coran \u00e0 la Mosqu\u00e9e de T\u00e9m\u00e9netaye (Kaloum) suivie d&rsquo;un gala de football ont \u00e9t\u00e9 organis\u00e9s dimanche, 8 mars 2026 pour honorer le PDG du Groupe GUICOPRES. Un vibrant hommage pour celui dont la naissance co\u00efncide symboliquement avec la journ\u00e9e du 8 mars.<img loading=\"lazy\" decoding=\"async\" class=\"alignnone size-medium wp-image-4226\" src=\"https:\/\/actu7.com\/wp-content\/uploads\/2026\/03\/Kerfalla-Camara-KPC-scaled-1-300x268.jpg\" alt=\"\" width=\"300\" height=\"268\" srcset=\"https:\/\/actu7.com\/wp-content\/uploads\/2026\/03\/Kerfalla-Camara-KPC-scaled-1-300x268.jpg 300w, https:\/\/actu7.com\/wp-content\/uploads\/2026\/03\/Kerfalla-Camara-KPC-scaled-1-1024x916.jpg 1024w, https:\/\/actu7.com\/wp-content\/uploads\/2026\/03\/Kerfalla-Camara-KPC-scaled-1-768x687.jpg 768w, https:\/\/actu7.com\/wp-content\/uploads\/2026\/03\/Kerfalla-Camara-KPC-scaled-1-1536x1373.jpg 1536w, https:\/\/actu7.com\/wp-content\/uploads\/2026\/03\/Kerfalla-Camara-KPC-scaled-1-696x622.jpg 696w, https:\/\/actu7.com\/wp-content\/uploads\/2026\/03\/Kerfalla-Camara-KPC-scaled-1-1068x955.jpg 1068w, https:\/\/actu7.com\/wp-content\/uploads\/2026\/03\/Kerfalla-Camara-KPC-scaled-1-470x420.jpg 470w, https:\/\/actu7.com\/wp-content\/uploads\/2026\/03\/Kerfalla-Camara-KPC-scaled-1.jpg 1908w\" sizes=\"auto, (max-width: 300px) 100vw, 300px\" \/><\/div>\n<div dir=\"auto\">Si cette date est mondialement d\u00e9di\u00e9 \u00e0 la lutte pour les droits des femmes, en Guin\u00e9e, cette date porte \u00e9galement l&#8217;empreinte d&rsquo;un b\u00e2tisseur. Pour Kerfalla Person Camara, affectueusement appel\u00e9 \u00ab\u00a0KPC\u00a0\u00bb, ce jour anniversaire est per\u00e7u par ses proches comme un signe du destin, intimement li\u00e9 au d\u00e9veloppement socio-\u00e9conomique du pays.<\/div>\n<div dir=\"auto\"><\/div>\n<div dir=\"auto\">R\u00e9unis dans l\u2019enceinte de la Grande Mosqu\u00e9e de T\u00e9m\u00e9netaye (Kaloum), fid\u00e8les et collaborateurs ont joint leurs voix pour implorer la gr\u00e2ce divine. Cet acte de gratitude, port\u00e9 par Amadou Hamza Bah, vise \u00e0 saluer l\u2019impact d\u2019un homme dont les activit\u00e9s soutiennent aujourd&rsquo;hui des milliers de foyers guin\u00e9ens.<\/div>\n<div dir=\"auto\"><img loading=\"lazy\" decoding=\"async\" class=\"alignnone size-medium wp-image-4221\" src=\"https:\/\/actu7.com\/wp-content\/uploads\/2026\/03\/20260308_143336-300x262.jpg\" alt=\"\" width=\"300\" height=\"262\" srcset=\"https:\/\/actu7.com\/wp-content\/uploads\/2026\/03\/20260308_143336-300x262.jpg 300w, https:\/\/actu7.com\/wp-content\/uploads\/2026\/03\/20260308_143336-1024x893.jpg 1024w, https:\/\/actu7.com\/wp-content\/uploads\/2026\/03\/20260308_143336-768x670.jpg 768w, https:\/\/actu7.com\/wp-content\/uploads\/2026\/03\/20260308_143336-1536x1340.jpg 1536w, https:\/\/actu7.com\/wp-content\/uploads\/2026\/03\/20260308_143336-2048x1786.jpg 2048w, https:\/\/actu7.com\/wp-content\/uploads\/2026\/03\/20260308_143336-696x607.jpg 696w, https:\/\/actu7.com\/wp-content\/uploads\/2026\/03\/20260308_143336-1068x932.jpg 1068w, https:\/\/actu7.com\/wp-content\/uploads\/2026\/03\/20260308_143336-1920x1675.jpg 1920w, https:\/\/actu7.com\/wp-content\/uploads\/2026\/03\/20260308_143336-482x420.jpg 482w\" sizes=\"auto, (max-width: 300px) 100vw, 300px\" \/><\/div>\n<div dir=\"auto\">Prenant la parole, le premier Imam de la mosqu\u00e9e de T\u00e9m\u00e9netaye, Youssouf Fadil Sylla, a salu\u00e9 l\u2019initiative qui, selon lui, essentielle pour la protection et le progr\u00e8s de la nation. Selon lui, le patron de GUICOPRES m\u00e9rite le soutien constant des autorit\u00e9s et des citoyens pour son r\u00f4le crucial dans la r\u00e9duction du ch\u00f4mage et la modernisation des infrastructures nationales.<\/div>\n<div dir=\"auto\">Raison pour laquelle, il a pos\u00e9 des dol\u00e9ances aupr\u00e8s des autorit\u00e9s du pays afin que ces derni\u00e8res puissent accompagner et prot\u00e9ger cet homme.<\/div>\n<div dir=\"auto\"><img loading=\"lazy\" decoding=\"async\" class=\"alignnone size-medium wp-image-4224\" src=\"https:\/\/actu7.com\/wp-content\/uploads\/2026\/03\/Photo-Enhancer_1772992445297-300x271.jpg\" alt=\"\" width=\"300\" height=\"271\" srcset=\"https:\/\/actu7.com\/wp-content\/uploads\/2026\/03\/Photo-Enhancer_1772992445297-300x271.jpg 300w, https:\/\/actu7.com\/wp-content\/uploads\/2026\/03\/Photo-Enhancer_1772992445297-1024x925.jpg 1024w, https:\/\/actu7.com\/wp-content\/uploads\/2026\/03\/Photo-Enhancer_1772992445297-768x694.jpg 768w, https:\/\/actu7.com\/wp-content\/uploads\/2026\/03\/Photo-Enhancer_1772992445297-1536x1388.jpg 1536w, https:\/\/actu7.com\/wp-content\/uploads\/2026\/03\/Photo-Enhancer_1772992445297-2048x1851.jpg 2048w, https:\/\/actu7.com\/wp-content\/uploads\/2026\/03\/Photo-Enhancer_1772992445297-696x629.jpg 696w, https:\/\/actu7.com\/wp-content\/uploads\/2026\/03\/Photo-Enhancer_1772992445297-1068x965.jpg 1068w, https:\/\/actu7.com\/wp-content\/uploads\/2026\/03\/Photo-Enhancer_1772992445297-1920x1735.jpg 1920w, https:\/\/actu7.com\/wp-content\/uploads\/2026\/03\/Photo-Enhancer_1772992445297-465x420.jpg 465w\" sizes=\"auto, (max-width: 300px) 100vw, 300px\" \/><\/div>\n<div dir=\"auto\">Pour l&rsquo;initiateur, Amadou Hamza Bah, cet hommage est avant tout une affaire de c\u0153ur. Cette ann\u00e9e dit-il, l&rsquo;\u00e9v\u00e9nement a pris une dimension spirituelle accrue en co\u00efncidant avec le mois de Ramadan, p\u00e9riode de p\u00e9nitence et de partage :<\/div>\n<div dir=\"auto\"><i>\u00ab\u00a0Que pourrais-je offrir \u00e0 un homme qui a d\u00e9j\u00e0 tout ? Lui offrir un v\u00eatement ou de la nourriture serait d\u00e9risoire, car c&rsquo;est lui qui nourrit les autres. Ce que je peux lui offrir de plus pr\u00e9cieux, ce sont les pri\u00e8res des imams pour sa long\u00e9vit\u00e9 et la r\u00e9ussite de ses entreprises. C\u2019est un cadeau qui vient du c\u0153ur\u00a0\u00bb<\/i>\u00a0a-t-il not\u00e9.<\/div>\n<div dir=\"auto\"><\/div>\n<div dir=\"auto\">Il a \u00e9galement ajout\u00e9 :\u00a0<i>\u00ab\u00a0Nous prions pour sa sant\u00e9 et pour la prosp\u00e9rit\u00e9 du Groupe GUICOPRES. C&rsquo;est une mani\u00e8re de soutenir, par la foi, celui qui consacre son \u00e9nergie \u00e0 l&#8217;emploi de notre jeunesse.\u00a0\u00bb<\/i><\/div>\n<div dir=\"auto\"><img loading=\"lazy\" decoding=\"async\" class=\"alignnone size-medium wp-image-4227\" src=\"https:\/\/actu7.com\/wp-content\/uploads\/2026\/03\/20260308_172513-300x139.jpg\" alt=\"\" width=\"300\" height=\"139\" srcset=\"https:\/\/actu7.com\/wp-content\/uploads\/2026\/03\/20260308_172513-300x139.jpg 300w, https:\/\/actu7.com\/wp-content\/uploads\/2026\/03\/20260308_172513-1024x473.jpg 1024w, https:\/\/actu7.com\/wp-content\/uploads\/2026\/03\/20260308_172513-768x355.jpg 768w, https:\/\/actu7.com\/wp-content\/uploads\/2026\/03\/20260308_172513-1536x709.jpg 1536w, https:\/\/actu7.com\/wp-content\/uploads\/2026\/03\/20260308_172513-2048x946.jpg 2048w, https:\/\/actu7.com\/wp-content\/uploads\/2026\/03\/20260308_172513-696x321.jpg 696w, https:\/\/actu7.com\/wp-content\/uploads\/2026\/03\/20260308_172513-1068x493.jpg 1068w, https:\/\/actu7.com\/wp-content\/uploads\/2026\/03\/20260308_172513-1920x887.jpg 1920w, https:\/\/actu7.com\/wp-content\/uploads\/2026\/03\/20260308_172513-910x420.jpg 910w\" sizes=\"auto, (max-width: 300px) 100vw, 300px\" \/><\/div>\n<div dir=\"auto\">Pour joindre l\u2019utile \u00e0 l\u2019agr\u00e9able et respecter l\u2019esprit du 8 mars, la journ\u00e9e s&rsquo;est poursuivie sur le terrain de sport. Un match de gala de football f\u00e9minin a mis aux prises deux \u00e9quipes locales. Ce clin d\u2019\u0153il sportif visait \u00e0 c\u00e9l\u00e9brer le talent des jeunes filles guin\u00e9ennes tout en honorant le PDG de GUICOPRES, grand m\u00e9c\u00e8ne du sport national.<\/div>\n<div dir=\"auto\">La journ\u00e9e s\u2019est achev\u00e9e par une distribution de vivres aux fid\u00e8les et des b\u00e9n\u00e9dictions sp\u00e9ciales pour la paix en Guin\u00e9e. Un rappel puissant que le progr\u00e8s d\u2019une nation repose sur la solidarit\u00e9 et le dynamisme de ses leaders patriotiques.<\/div>\n<div dir=\"auto\"><\/div>\n<div dir=\"auto\"><b>Par S\u00e9kouba Kourouma pour Actu7.com<\/b><\/div>\n<div dir=\"auto\"><b>+224 628 00 36 63<\/b><\/div>\n","protected":false},"excerpt":{"rendered":"<p>\u00c0 l\u2019initiative du directeur g\u00e9n\u00e9ral de Radio Nostalgie Guin\u00e9e, Amadou Hamza Bah une lecture compl\u00e8te du Saint Coran \u00e0 la Mosqu\u00e9e de T\u00e9m\u00e9netaye (Kaloum) suivie d&rsquo;un gala de football ont \u00e9t\u00e9 organis\u00e9s dimanche, 8 mars 2026 pour honorer le PDG du Groupe GUICOPRES. Un vibrant hommage pour celui dont la naissance co\u00efncide symboliquement avec la [&hellip;]<\/p>\n","protected":false},"author":2,"featured_media":4220,"comment_status":"closed","ping_status":"closed","sticky":false,"template":"","format":"standard","meta":{"footnotes":""},"categories":[15,2,10],"tags":[],"class_list":{"0":"post-4219","1":"post","2":"type-post","3":"status-publish","4":"format-standard","5":"has-post-thumbnail","7":"category-a-la-une","8":"category-featured","9":"category-societe-2"},"_links":{"self":[{"href":"https:\/\/actu7.com\/index.php\/wp-json\/wp\/v2\/posts\/4219","targetHints":{"allow":["GET"]}}],"collection":[{"href":"https:\/\/actu7.com\/index.php\/wp-json\/wp\/v2\/posts"}],"about":[{"href":"https:\/\/actu7.com\/index.php\/wp-json\/wp\/v2\/types\/post"}],"author":[{"embeddable":true,"href":"https:\/\/actu7.com\/index.php\/wp-json\/wp\/v2\/users\/2"}],"replies":[{"embeddable":true,"href":"https:\/\/actu7.com\/index.php\/wp-json\/wp\/v2\/comments?post=4219"}],"version-history":[{"count":0,"href":"https:\/\/actu7.com\/index.php\/wp-json\/wp\/v2\/posts\/4219\/revisions"}],"wp:featuredmedia":[{"embeddable":true,"href":"https:\/\/actu7.com\/index.php\/wp-json\/wp\/v2\/media\/4220"}],"wp:attachment":[{"href":"https:\/\/actu7.com\/index.php\/wp-json\/wp\/v2\/media?parent=4219"}],"wp:term":[{"taxonomy":"category","embeddable":true,"href":"https:\/\/actu7.com\/index.php\/wp-json\/wp\/v2\/categories?post=4219"},{"taxonomy":"post_tag","embeddable":true,"href":"https:\/\/actu7.com\/index.php\/wp-json\/wp\/v2\/tags?post=4219"}],"curies":[{"name":"wp","href":"https:\/\/api.w.org\/{rel}","templated":true}]}}