{"id":4216,"date":"2026-03-08T06:55:55","date_gmt":"2026-03-08T06:55:55","guid":{"rendered":"https:\/\/actu7.com\/?p=4216"},"modified":"2026-03-07T22:59:15","modified_gmt":"2026-03-07T22:59:15","slug":"stade-du-28-septembre-le-retour-imminent-du-syli-national-sur-ses-terres","status":"publish","type":"post","link":"https:\/\/actu7.com\/index.php\/stade-du-28-septembre-le-retour-imminent-du-syli-national-sur-ses-terres\/","title":{"rendered":"Stade du 28 Septembre : Le retour imminent du Syli National sur ses terres !"},"content":{"rendered":"<div dir=\"auto\">Apr\u00e8s plusieurs ann\u00e9es de travaux intensifs pour r\u00e9pondre aux exigences de la Conf\u00e9d\u00e9ration Africaine de Football (CAF), les autorit\u00e9s sportives guin\u00e9ennes entrevoient enfin le bout du tunnel. Cette perspective suscite un immense espoir chez les supporters, impatients de voir le Syli National \u00e9voluer de nouveau \u00e0 domicile.<\/div>\n<div dir=\"auto\"><\/div>\n<div dir=\"auto\">Le 5 mars 2026, une r\u00e9union strat\u00e9gique en visioconf\u00e9rence a rassembl\u00e9 la F\u00e9d\u00e9ration Guin\u00e9enne de Football (FGF), les experts de la CAF et l\u2019entreprise Guicopres-BTP, en charge du chantier. L\u2019objectif \u00e9tait d\u2019\u00e9valuer la mise en conformit\u00e9 de l\u2019infrastructure avec les standards internationaux.<\/div>\n<div dir=\"auto\">Selon la FGF, les \u00e9changes ont \u00e9t\u00e9 fructueux. L\u2019instance continentale a exprim\u00e9 sa satisfaction quant aux progr\u00e8s r\u00e9alis\u00e9s et au respect des recommandations techniques. Les travaux de modernisation ont port\u00e9 sur des points n\u00e9vralgiques : la pelouse et l&rsquo;\u00e9clairage pour une visibilit\u00e9 optimale; les vestiaires et les zones m\u00e9dias remis \u00e0 neuf; la s\u00e9curit\u00e9 des tribunes et l\u2019am\u00e9nagement d\u2019un tunnel r\u00e9glementaire pour l\u2019acc\u00e8s des joueurs.<\/div>\n<div dir=\"auto\"><\/div>\n<div dir=\"auto\">Forte de ces avanc\u00e9es, la f\u00e9d\u00e9ration guin\u00e9enne s&rsquo;appr\u00eate \u00e0 solliciter officiellement une mission d&rsquo;inspection finale de la CAF \u00e0 Conakry dans les prochains mois. Ce sera l&rsquo;ultime \u00e9tape avant de prononcer la r\u00e9-homologation tant attendue de cette enceinte de 25 000 places, construite en 1964.<\/div>\n<div dir=\"auto\"><i>\u00ab\u00a0L&rsquo;homologation du 28 Septembre est un enjeu de souverainet\u00e9 sportive. Elle permettrait au pays de mettre fin \u00e0 l&rsquo;exil forc\u00e9 de son \u00e9quipe nationale, oblig\u00e9e de jouer ses matchs &lsquo;\u00e0 domicile&rsquo; \u00e0 l&rsquo;\u00e9tranger ces derni\u00e8res ann\u00e9es.\u00a0\u00bb<\/i><\/div>\n<div dir=\"auto\"><\/div>\n<div dir=\"auto\">Au-del\u00e0 de l&rsquo;aspect sportif, la r\u00e9ouverture du stade aux comp\u00e9titions internationales repr\u00e9sente un levier \u00e9conomique important pour la capitale. Elle promet de redynamiser le commerce local et de raviver la ferveur populaire autour des grandes affiches du football africain.<\/div>\n<div dir=\"auto\">Si le rapport final des experts confirme la conformit\u00e9 des installations, le temple du football guin\u00e9en pourra enfin rouvrir ses portes aux joutes continentales, rendant au public de Conakry son r\u00f4le de douzi\u00e8me homme.<\/div>\n<div dir=\"auto\"><\/div>\n<div dir=\"auto\"><b>BIS<\/b><\/div>\n","protected":false},"excerpt":{"rendered":"<p>Apr\u00e8s plusieurs ann\u00e9es de travaux intensifs pour r\u00e9pondre aux exigences de la Conf\u00e9d\u00e9ration Africaine de Football (CAF), les autorit\u00e9s sportives guin\u00e9ennes entrevoient enfin le bout du tunnel. Cette perspective suscite un immense espoir chez les supporters, impatients de voir le Syli National \u00e9voluer de nouveau \u00e0 domicile. Le 5 mars 2026, une r\u00e9union strat\u00e9gique en [&hellip;]<\/p>\n","protected":false},"author":2,"featured_media":4218,"comment_status":"closed","ping_status":"closed","sticky":false,"template":"","format":"standard","meta":{"footnotes":""},"categories":[15,2,9],"tags":[],"class_list":{"0":"post-4216","1":"post","2":"type-post","3":"status-publish","4":"format-standard","5":"has-post-thumbnail","7":"category-a-la-une","8":"category-featured","9":"category-sports"},"_links":{"self":[{"href":"https:\/\/actu7.com\/index.php\/wp-json\/wp\/v2\/posts\/4216","targetHints":{"allow":["GET"]}}],"collection":[{"href":"https:\/\/actu7.com\/index.php\/wp-json\/wp\/v2\/posts"}],"about":[{"href":"https:\/\/actu7.com\/index.php\/wp-json\/wp\/v2\/types\/post"}],"author":[{"embeddable":true,"href":"https:\/\/actu7.com\/index.php\/wp-json\/wp\/v2\/users\/2"}],"replies":[{"embeddable":true,"href":"https:\/\/actu7.com\/index.php\/wp-json\/wp\/v2\/comments?post=4216"}],"version-history":[{"count":0,"href":"https:\/\/actu7.com\/index.php\/wp-json\/wp\/v2\/posts\/4216\/revisions"}],"wp:featuredmedia":[{"embeddable":true,"href":"https:\/\/actu7.com\/index.php\/wp-json\/wp\/v2\/media\/4218"}],"wp:attachment":[{"href":"https:\/\/actu7.com\/index.php\/wp-json\/wp\/v2\/media?parent=4216"}],"wp:term":[{"taxonomy":"category","embeddable":true,"href":"https:\/\/actu7.com\/index.php\/wp-json\/wp\/v2\/categories?post=4216"},{"taxonomy":"post_tag","embeddable":true,"href":"https:\/\/actu7.com\/index.php\/wp-json\/wp\/v2\/tags?post=4216"}],"curies":[{"name":"wp","href":"https:\/\/api.w.org\/{rel}","templated":true}]}}