{"id":4213,"date":"2026-03-07T22:31:07","date_gmt":"2026-03-07T22:31:07","guid":{"rendered":"https:\/\/actu7.com\/?p=4213"},"modified":"2026-03-07T22:31:07","modified_gmt":"2026-03-07T22:31:07","slug":"football-mohamed-lamine-diaby-fadiga-desormais-eligible-pour-le-syli-national","status":"publish","type":"post","link":"https:\/\/actu7.com\/index.php\/football-mohamed-lamine-diaby-fadiga-desormais-eligible-pour-le-syli-national\/","title":{"rendered":"Football : Mohamed Lamine Diaby-Fadiga d\u00e9sormais \u00e9ligible pour le Syli National"},"content":{"rendered":"<p>La F\u00e9d\u00e9ration internationale de football association (FIFA) a officiellement valid\u00e9, le 6 mars 2026, le changement de nationalit\u00e9 sportive de l\u2019attaquant franco-guin\u00e9en Mohamed Lamine Diaby-Fadiga. Cette d\u00e9cision ouvre d\u00e9sormais la porte \u00e0 une s\u00e9lection du joueur avec l\u2019\u00e9quipe nationale de Guin\u00e9e, le Syli National.<br \/>\n\u00c2g\u00e9 de 24 ans, Mohamed Lamine Diaby-Fadiga \u00e9volue actuellement au Rak\u00f3w Cz\u0119stochowa, club de premi\u00e8re division en Pologne. Form\u00e9 au centre de formation de l\u2019OGC Nice, l\u2019attaquant s\u2019est progressivement fait remarquer par ses qualit\u00e9s offensives, notamment sa vitesse, sa capacit\u00e9 \u00e0 se projeter vers l\u2019avant et son sens du but.<br \/>\nApr\u00e8s avoir repr\u00e9sent\u00e9 la France dans certaines cat\u00e9gories de jeunes, le joueur a d\u00e9cid\u00e9 d\u2019opter pour ses origines guin\u00e9ennes. La FIFA ayant donn\u00e9 son accord officiel, Diaby-Fadiga est d\u00e9sormais \u00e9ligible pour porter les couleurs de la Guin\u00e9e lors des prochaines comp\u00e9titions internationales.<br \/>\nCette arriv\u00e9e potentielle constitue une bonne nouvelle pour le Syli National, qui continue de renforcer son effectif avec des joueurs issus de la diaspora. L\u2019attaquant pourrait ainsi apporter davantage de solutions offensives \u00e0 la s\u00e9lection guin\u00e9enne dans les mois \u00e0 venir.<br \/>\nLa F\u00e9d\u00e9ration guin\u00e9enne de football pourrait prochainement d\u00e9cider de convoquer le joueur lors d\u2019un prochain rassemblement, offrant ainsi aux supporters guin\u00e9ens l\u2019opportunit\u00e9 de d\u00e9couvrir un nouvel atout pour l\u2019attaque du Syli National.<\/p>\n<p>Ibrahima Sory Bangoura<\/p>\n","protected":false},"excerpt":{"rendered":"<p>La F\u00e9d\u00e9ration internationale de football association (FIFA) a officiellement valid\u00e9, le 6 mars 2026, le changement de nationalit\u00e9 sportive de l\u2019attaquant franco-guin\u00e9en Mohamed Lamine Diaby-Fadiga. Cette d\u00e9cision ouvre d\u00e9sormais la porte \u00e0 une s\u00e9lection du joueur avec l\u2019\u00e9quipe nationale de Guin\u00e9e, le Syli National. \u00c2g\u00e9 de 24 ans, Mohamed Lamine Diaby-Fadiga \u00e9volue actuellement au Rak\u00f3w [&hellip;]<\/p>\n","protected":false},"author":2,"featured_media":4214,"comment_status":"closed","ping_status":"closed","sticky":false,"template":"","format":"standard","meta":{"footnotes":""},"categories":[15,2,9],"tags":[],"class_list":{"0":"post-4213","1":"post","2":"type-post","3":"status-publish","4":"format-standard","5":"has-post-thumbnail","7":"category-a-la-une","8":"category-featured","9":"category-sports"},"_links":{"self":[{"href":"https:\/\/actu7.com\/index.php\/wp-json\/wp\/v2\/posts\/4213","targetHints":{"allow":["GET"]}}],"collection":[{"href":"https:\/\/actu7.com\/index.php\/wp-json\/wp\/v2\/posts"}],"about":[{"href":"https:\/\/actu7.com\/index.php\/wp-json\/wp\/v2\/types\/post"}],"author":[{"embeddable":true,"href":"https:\/\/actu7.com\/index.php\/wp-json\/wp\/v2\/users\/2"}],"replies":[{"embeddable":true,"href":"https:\/\/actu7.com\/index.php\/wp-json\/wp\/v2\/comments?post=4213"}],"version-history":[{"count":0,"href":"https:\/\/actu7.com\/index.php\/wp-json\/wp\/v2\/posts\/4213\/revisions"}],"wp:featuredmedia":[{"embeddable":true,"href":"https:\/\/actu7.com\/index.php\/wp-json\/wp\/v2\/media\/4214"}],"wp:attachment":[{"href":"https:\/\/actu7.com\/index.php\/wp-json\/wp\/v2\/media?parent=4213"}],"wp:term":[{"taxonomy":"category","embeddable":true,"href":"https:\/\/actu7.com\/index.php\/wp-json\/wp\/v2\/categories?post=4213"},{"taxonomy":"post_tag","embeddable":true,"href":"https:\/\/actu7.com\/index.php\/wp-json\/wp\/v2\/tags?post=4213"}],"curies":[{"name":"wp","href":"https:\/\/api.w.org\/{rel}","templated":true}]}}