{"id":4202,"date":"2026-03-06T14:34:35","date_gmt":"2026-03-06T14:34:35","guid":{"rendered":"https:\/\/actu7.com\/?p=4202"},"modified":"2026-03-06T14:34:35","modified_gmt":"2026-03-06T14:34:35","slug":"simandou-2040-faire-de-la-sante-publique-et-de-lacceptabilite-sociale-les-piliers-de-la-reussite-miniere-guineenne","status":"publish","type":"post","link":"https:\/\/actu7.com\/index.php\/simandou-2040-faire-de-la-sante-publique-et-de-lacceptabilite-sociale-les-piliers-de-la-reussite-miniere-guineenne\/","title":{"rendered":"Simandou 2040 : Faire de la sant\u00e9 publique et de l\u2019acceptabilit\u00e9 sociale les piliers de la r\u00e9ussite mini\u00e8re guin\u00e9enne"},"content":{"rendered":"<div dir=\"auto\">La mise en \u0153uvre du programme strat\u00e9gique Simandou 2040 marque une \u00e9tape d\u00e9cisive dans l\u2019histoire socio-\u00e9conomique de la Guin\u00e9e. Port\u00e9 par la vision de Son Excellence Mamadi Doumbouya, ce projet ambitionne de transformer durablement l\u2019\u00e9conomie nationale en valorisant l\u2019un des plus grands gisements de minerai de fer au monde.<\/div>\n<div dir=\"auto\">La consolidation de la sant\u00e9 publique et de l\u2019acceptabilit\u00e9 sociale appara\u00eet comme un<\/div>\n<div dir=\"auto\">levier strat\u00e9gique majeur. Int\u00e9grer ces dimensions dans la gouvernance mini\u00e8re,<\/div>\n<div dir=\"auto\">c\u2019est garantir la stabilit\u00e9, s\u00e9curiser les investissements et inscrire la transformation \u00e9conomique dans la dur\u00e9e.<\/div>\n<div dir=\"auto\">Au-del\u00e0 de son importance industrielle et \u00e9conomique, Simandou repr\u00e9sente une<\/div>\n<div dir=\"auto\">opportunit\u00e9 historique: celle d\u2019inscrire le d\u00e9veloppement minier guin\u00e9en dans un<\/div>\n<div dir=\"auto\">mod\u00e8le responsable, inclusif et durable. Mais pour que cette ambition se concr\u00e9tise<\/div>\n<div dir=\"auto\">pleinement, deux conditions doivent \u00eatre clairement affirm\u00e9es: la protection de la<\/div>\n<div dir=\"auto\">sant\u00e9 publique et l\u2019acceptabilit\u00e9 sociale des projets miniers.<\/div>\n<div dir=\"auto\">Le programme strat\u00e9gique Simandou 2040 incarne l\u2019ambition nationale de valoriser durablement les ressources mini\u00e8res afin de moderniser les infrastructures, cr\u00e9er<\/div>\n<div dir=\"auto\">des emplois et repositionner notre pays comme un acteur central de l\u2019\u00e9conomie<\/div>\n<div dir=\"auto\">r\u00e9gionale.<\/div>\n<div dir=\"auto\">Le d\u00e9fi d\u2019un d\u00e9veloppement minier responsable<\/div>\n<div dir=\"auto\">L\u2019exploitation mini\u00e8re moderne est une activit\u00e9 industrielle lourde, g\u00e9n\u00e9ratrice de transformations profondes des territoires. Elle mobilise des infrastructures<\/div>\n<div dir=\"auto\">importantes, modifie les paysages.<\/div>\n<div dir=\"auto\">Dans ce contexte, les enjeux environnementaux et sanitaires ne peuvent \u00eatre<\/div>\n<div dir=\"auto\">rel\u00e9gu\u00e9s au second plan. La sant\u00e9 publique et son acceptabilit\u00e9 sociale sont les<\/div>\n<div dir=\"auto\">piliers de la r\u00e9ussite mini\u00e8re guin\u00e9enne.<\/div>\n<div dir=\"auto\">Elle exige un encadrement rigoureux afin de pr\u00e9venir les risques li\u00e9s \u00e0 la gestion des<\/div>\n<div dir=\"auto\">poussi\u00e8res, la qualit\u00e9 des eaux, \u00e0 la pr\u00e9servation des sols et la surveillance des<\/div>\n<div dir=\"auto\">impacts sur les populations riveraines. L\u2019anticipation de ces enjeux n\u2019est pas une<\/div>\n<div dir=\"auto\">contrainte ; elle constitue au contraire un facteur de performance et de cr\u00e9dibilit\u00e9.<\/div>\n<div dir=\"auto\">La r\u00e9ussite d\u2019un projet minier ne d\u00e9pend pas uniquement de sa rentabilit\u00e9 financi\u00e8re<\/div>\n<div dir=\"auto\">ou de ses performances techniques.<\/div>\n<div dir=\"auto\">Dans cette perspective, la sant\u00e9 publique devient un pilier strat\u00e9gique de la<\/div>\n<div dir=\"auto\">gouvernance mini\u00e8re. L\u2019adh\u00e9sion des communaut\u00e9s locales ne se limite pas aux retomb\u00e9es \u00e9conomiques visibles. Elle repose sur la confiance : confiance des populations qui vivent \u00e0 proximit\u00e9 des zones d\u2019exploitations, confiance dans la<\/div>\n<div dir=\"auto\">protection de leur environnement, dans la pr\u00e9servation de leur sant\u00e9 et dans la s\u00e9curisation de leurs activit\u00e9s agricoles.<\/div>\n<div dir=\"auto\">Dans les zones \u00e0 forte vocation agricole, la coop\u00e9ration des agriculteurs est essentielle. Lorsque des projets d\u2019int\u00e9r\u00eat national n\u00e9cessitent la mobilisation des terres, le dialogue, la transparence et une indemnisation \u00e9quitable doivent \u00eatre privil\u00e9gi\u00e9s. L\u2019accompagnement vers des alternatives \u00e9conomiques viables contribue \u00e0 pr\u00e9venir les tensions sociales et \u00e0 renforcer la stabilit\u00e9 locale. Une communaut\u00e9 rassur\u00e9e est une communaut\u00e9 engag\u00e9e dans la r\u00e9ussite des projets.<\/div>\n<div dir=\"auto\">Par ailleurs, la protection du consommateur demeure une priorit\u00e9 nationale. Les<\/div>\n<div dir=\"auto\">produits agricoles provenant des zones mini\u00e8res, lorsqu\u2019ils sont destin\u00e9s \u00e0 la consommation publique, doivent faire l\u2019objet d\u2019un contr\u00f4le renforc\u00e9. Il appara\u00eet<\/div>\n<div dir=\"auto\">opportun que l\u2019Office National de Contr\u00f4le de Qualit\u00e9 en collaboration avec le Minist\u00e8re de l\u2019Environnement et le Minist\u00e8re du Commerce et de l\u2019Industrie, poursuivent et intensifient les inspections et analyses n\u00e9cessaires afin d\u2019assurer la conformit\u00e9 aux normes sanitaires et de pr\u00e9server la r\u00e9putation des produits guin\u00e9ens<\/div>\n<div dir=\"auto\">sur les march\u00e9s nationaux et internationaux.<\/div>\n<div dir=\"auto\">Les exp\u00e9riences internationales d\u00e9montrent que la stabilit\u00e9 sociale est directement corr\u00e9l\u00e9e \u00e0 la performance des projets extractifs. Les retards, les surco\u00fbts et les interruptions d\u2019activit\u00e9s sont souvent la cons\u00e9quence d\u2019un d\u00e9ficit d\u2019anticipation sociale ou sanitaire. \u00c0 l\u2019inverse, une gouvernance int\u00e9grant pleinement la dimension<\/div>\n<div dir=\"auto\">de la sant\u00e9 publique favorise la continuit\u00e9 des op\u00e9rations et renforce l\u2019attractivit\u00e9 du<\/div>\n<div dir=\"auto\">pays aupr\u00e8s des investisseurs.<\/div>\n<div dir=\"auto\">La sant\u00e9 publique un pilier de la gouvernance mini\u00e8re<\/div>\n<div dir=\"auto\">Pour accompagner la vision port\u00e9e par le pr\u00e9sident Mamadi Doumbouya, il serait<\/div>\n<div dir=\"auto\">strat\u00e9gique de renforcer davantage l\u2019int\u00e9gration institutionnelle de la sant\u00e9 publique dans la mise en \u0153uvre de Simandou 2040.<\/div>\n<div dir=\"auto\">Plusieurs pistes peuvent \u00eatre envisag\u00e9es:<\/div>\n<div dir=\"auto\">\u2022 int\u00e9grer des indicateurs sanitaires mesurables dans les \u00e9tudes d\u2019impact<\/div>\n<div dir=\"auto\">environnemental et social ;<\/div>\n<div dir=\"auto\">\u2022 mettre en place un dispositif structur\u00e9 de suivi sanitaire des populations riveraines ;<\/div>\n<div dir=\"auto\">\u2022 renforcer les capacit\u00e9s nationales de contr\u00f4le et d\u2019analyse en mati\u00e8re de qualit\u00e9 environnementale et alimentaire ;<\/div>\n<div dir=\"auto\">\u2022 instaurer un dialogue permanent entre l\u2019\u00c9tat, les entreprises mini\u00e8res et les<\/div>\n<div dir=\"auto\">communaut\u00e9s locales.<\/div>\n<div dir=\"auto\">\n<div dir=\"auto\"><b>Un choix strat\u00e9gique pour l\u2019avenir<\/b><\/div>\n<div dir=\"auto\">Simandou est bien plus qu\u2019un projet minier. C&rsquo;est une transformation nationale et<\/div>\n<div dir=\"auto\">une opportunit\u00e9 historique.<\/div>\n<div dir=\"auto\">En pla\u00e7ant la sant\u00e9 publique et l\u2019acceptabilit\u00e9 sociale au c\u0153ur de la strat\u00e9gie mini\u00e8re<\/div>\n<div dir=\"auto\">\u00e0 travers la consolidation de ces axes, la Guin\u00e9e peut construire un mod\u00e8le de<\/div>\n<div dir=\"auto\">d\u00e9veloppement minier responsable et durable, capable d\u2019allier croissance<\/div>\n<div dir=\"auto\">\u00e9conomique, protection des populations et stabilit\u00e9 sociale \u00e0 l\u2019instar des standards internationaux.<\/div>\n<div dir=\"auto\">Ainsi, notre pays pourra s\u00e9curiser ses investissements, renforcer sa coh\u00e9sion nationale et inscrire sa transformation \u00e9conomique dans la dur\u00e9e.<\/div>\n<div dir=\"auto\">C\u2019est \u00e0 cette condition que Simandou 2040 entrera dans l\u2019histoire non seulement<\/div>\n<div dir=\"auto\">comme un projet minier d\u2019envergure mondiale, mais comme l\u2019acte fondateur d\u2019une Guin\u00e9e forte, responsable et durablement prosp\u00e8re.<\/div>\n<div dir=\"auto\"><\/div>\n<div dir=\"auto\"><b>Mohamed Sanoussy Camara<\/b><\/div>\n<div dir=\"auto\"><b>Expert en sant\u00e9 publique et environnementale, form\u00e9 aux \u00c9tats-Unis d\u2019Am\u00e9rique<\/b><\/div>\n<\/div>\n","protected":false},"excerpt":{"rendered":"<p>La mise en \u0153uvre du programme strat\u00e9gique Simandou 2040 marque une \u00e9tape d\u00e9cisive dans l\u2019histoire socio-\u00e9conomique de la Guin\u00e9e. Port\u00e9 par la vision de Son Excellence Mamadi Doumbouya, ce projet ambitionne de transformer durablement l\u2019\u00e9conomie nationale en valorisant l\u2019un des plus grands gisements de minerai de fer au monde. La consolidation de la sant\u00e9 publique [&hellip;]<\/p>\n","protected":false},"author":2,"featured_media":4203,"comment_status":"closed","ping_status":"closed","sticky":false,"template":"","format":"standard","meta":{"footnotes":""},"categories":[15,8,10],"tags":[],"class_list":{"0":"post-4202","1":"post","2":"type-post","3":"status-publish","4":"format-standard","5":"has-post-thumbnail","7":"category-a-la-une","8":"category-actualites","9":"category-societe-2"},"_links":{"self":[{"href":"https:\/\/actu7.com\/index.php\/wp-json\/wp\/v2\/posts\/4202","targetHints":{"allow":["GET"]}}],"collection":[{"href":"https:\/\/actu7.com\/index.php\/wp-json\/wp\/v2\/posts"}],"about":[{"href":"https:\/\/actu7.com\/index.php\/wp-json\/wp\/v2\/types\/post"}],"author":[{"embeddable":true,"href":"https:\/\/actu7.com\/index.php\/wp-json\/wp\/v2\/users\/2"}],"replies":[{"embeddable":true,"href":"https:\/\/actu7.com\/index.php\/wp-json\/wp\/v2\/comments?post=4202"}],"version-history":[{"count":0,"href":"https:\/\/actu7.com\/index.php\/wp-json\/wp\/v2\/posts\/4202\/revisions"}],"wp:featuredmedia":[{"embeddable":true,"href":"https:\/\/actu7.com\/index.php\/wp-json\/wp\/v2\/media\/4203"}],"wp:attachment":[{"href":"https:\/\/actu7.com\/index.php\/wp-json\/wp\/v2\/media?parent=4202"}],"wp:term":[{"taxonomy":"category","embeddable":true,"href":"https:\/\/actu7.com\/index.php\/wp-json\/wp\/v2\/categories?post=4202"},{"taxonomy":"post_tag","embeddable":true,"href":"https:\/\/actu7.com\/index.php\/wp-json\/wp\/v2\/tags?post=4202"}],"curies":[{"name":"wp","href":"https:\/\/api.w.org\/{rel}","templated":true}]}}