{"id":3976,"date":"2026-02-11T13:14:10","date_gmt":"2026-02-11T13:14:10","guid":{"rendered":"https:\/\/actu7.com\/?p=3976"},"modified":"2026-02-11T13:14:10","modified_gmt":"2026-02-11T13:14:10","slug":"marche-de-madina-grande-operation-de-liberation-des-emprises-publiques","status":"publish","type":"post","link":"https:\/\/actu7.com\/index.php\/marche-de-madina-grande-operation-de-liberation-des-emprises-publiques\/","title":{"rendered":"March\u00e9 de Madina : Grande op\u00e9ration de lib\u00e9ration des emprises publiques"},"content":{"rendered":"<p dir=\"ltr\">Une vaste op\u00e9ration de d\u00e9guerpissement des installations anarchiques a d\u00e9but\u00e9 le lundi 9 f\u00e9vrier 2026 aux abords du grand march\u00e9 de Madina, dans la commune de Matam. Sous la supervision de Badra Cheickna Kon\u00e9, pr\u00e9sident de la d\u00e9l\u00e9gation sp\u00e9ciale de Matam, cette action s\u2019inscrit dans une dynamique nationale d&rsquo;assainissement.<br \/>\nL\u2019objectif vise \u00e0 lib\u00e9rer les voies publiques pour fluidifier la circulation sur les axes strat\u00e9giques, notamment le carrefour Moussoudougou, la route du Niger et le quartier Dabondy.<\/p>\n<p dir=\"ltr\">Selon les autorit\u00e9s, l\u2019occupation irr\u00e9guli\u00e8re des trottoirs par des structures de fortune paralysait jusqu&rsquo;alors la mobilit\u00e9 des usagers et des commer\u00e7ants eux-m\u00eames.<\/p>\n<p>Pour Badra Cheickna Kon\u00e9, il s&rsquo;agit d&rsquo;une n\u00e9cessit\u00e9 de modernisation :\u00a0<i>\u00ab\u00a0Cette op\u00e9ration r\u00e9pond \u00e0 une volont\u00e9 de mettre de l\u2019ordre dans l\u2019espace public. Nous voulons am\u00e9liorer la mobilit\u00e9, d\u00e9gager les trottoirs et, \u00e0 terme, recaser progressivement les personnes impact\u00e9es dans des espaces d\u00e9di\u00e9s.\u00a0\u00bb<\/i><\/p>\n<p dir=\"ltr\">Le ministre de l\u2019Assainissement, de l\u2019Hydraulique et des Hydrocarbures, Aboubacar Camara, s&rsquo;est \u00e9galement rendu sur place pour r\u00e9affirmer l&rsquo;engagement de l&rsquo;\u00c9tat \u00e0 am\u00e9nager durablement l&rsquo;environnement urbain apr\u00e8s le passage des machines.<br \/>\nSur le terrain, la r\u00e9alit\u00e9 est plus brutale pour ceux qui vivent du commerce informel. Un vendeur install\u00e9 \u00e0 Madina depuis 15 ans t\u00e9moigne de son d\u00e9sarroi :<i>\u00a0\u00ab\u00a0Les agents sont arriv\u00e9s t\u00f4t le matin. Certains d&rsquo;entre nous n&rsquo;ont m\u00eame pas eu le temps de sauver leurs marchandises. Nous ne sommes pas contre l&rsquo;assainissement, mais o\u00f9 allons-nous ? Nous demandons des solutions concr\u00e8tes, des espaces am\u00e9nag\u00e9s et un recasement digne. Madina, c\u2019est notre vie.\u00a0\u00bb<\/i><\/p>\n<p>En septembre 2023, des op\u00e9rations similaires avaient d\u00e9g\u00e9n\u00e9r\u00e9 en \u00e9chauffour\u00e9es entre forces de l&rsquo;ordre et commer\u00e7ants. Si l&rsquo;objectif de salubrit\u00e9 publique est partag\u00e9 par beaucoup, l&rsquo;enjeu social le soutien aux familles d\u00e9pendantes de ces \u00e9tals reste le point de friction majeur entre l&rsquo;administration et les citoyens.<\/p>\n<p dir=\"ltr\"><b>Par Ibrahima Sory Bangoura<\/b><\/p>\n","protected":false},"excerpt":{"rendered":"<p>Une vaste op\u00e9ration de d\u00e9guerpissement des installations anarchiques a d\u00e9but\u00e9 le lundi 9 f\u00e9vrier 2026 aux abords du grand march\u00e9 de Madina, dans la commune de Matam. Sous la supervision de Badra Cheickna Kon\u00e9, pr\u00e9sident de la d\u00e9l\u00e9gation sp\u00e9ciale de Matam, cette action s\u2019inscrit dans une dynamique nationale d&rsquo;assainissement. L\u2019objectif vise \u00e0 lib\u00e9rer les voies [&hellip;]<\/p>\n","protected":false},"author":2,"featured_media":3977,"comment_status":"closed","ping_status":"closed","sticky":false,"template":"","format":"standard","meta":{"footnotes":""},"categories":[15,8,2],"tags":[],"class_list":{"0":"post-3976","1":"post","2":"type-post","3":"status-publish","4":"format-standard","5":"has-post-thumbnail","7":"category-a-la-une","8":"category-actualites","9":"category-featured"},"_links":{"self":[{"href":"https:\/\/actu7.com\/index.php\/wp-json\/wp\/v2\/posts\/3976","targetHints":{"allow":["GET"]}}],"collection":[{"href":"https:\/\/actu7.com\/index.php\/wp-json\/wp\/v2\/posts"}],"about":[{"href":"https:\/\/actu7.com\/index.php\/wp-json\/wp\/v2\/types\/post"}],"author":[{"embeddable":true,"href":"https:\/\/actu7.com\/index.php\/wp-json\/wp\/v2\/users\/2"}],"replies":[{"embeddable":true,"href":"https:\/\/actu7.com\/index.php\/wp-json\/wp\/v2\/comments?post=3976"}],"version-history":[{"count":0,"href":"https:\/\/actu7.com\/index.php\/wp-json\/wp\/v2\/posts\/3976\/revisions"}],"wp:featuredmedia":[{"embeddable":true,"href":"https:\/\/actu7.com\/index.php\/wp-json\/wp\/v2\/media\/3977"}],"wp:attachment":[{"href":"https:\/\/actu7.com\/index.php\/wp-json\/wp\/v2\/media?parent=3976"}],"wp:term":[{"taxonomy":"category","embeddable":true,"href":"https:\/\/actu7.com\/index.php\/wp-json\/wp\/v2\/categories?post=3976"},{"taxonomy":"post_tag","embeddable":true,"href":"https:\/\/actu7.com\/index.php\/wp-json\/wp\/v2\/tags?post=3976"}],"curies":[{"name":"wp","href":"https:\/\/api.w.org\/{rel}","templated":true}]}}