{"id":3439,"date":"2025-12-20T18:09:59","date_gmt":"2025-12-20T18:09:59","guid":{"rendered":"https:\/\/actu7.com\/?p=3439"},"modified":"2025-12-20T18:13:46","modified_gmt":"2025-12-20T18:13:46","slug":"presidentielle-du-28-decembre-2025-la-dge-intensifie-les-formations-pour-fiabiliser-et-securiser-le-processus-electoral","status":"publish","type":"post","link":"https:\/\/actu7.com\/index.php\/presidentielle-du-28-decembre-2025-la-dge-intensifie-les-formations-pour-fiabiliser-et-securiser-le-processus-electoral\/","title":{"rendered":"Pr\u00e9sidentielle du 28 d\u00e9cembre 2025 : la DGE intensifie les formations pour fiabiliser et s\u00e9curiser le processus \u00e9lectoral"},"content":{"rendered":"<div dir=\"auto\">Dans le cadre de la mise en \u0153uvre de son chronogramme d\u2019activit\u00e9s en pr\u00e9lude \u00e0 l\u2019\u00e9lection pr\u00e9sidentielle du 28 d\u00e9cembre 2025, la Direction G\u00e9n\u00e9rale des \u00c9lections (DGE) poursuit le renforcement des capacit\u00e9s des acteurs cl\u00e9s du processus \u00e9lectoral. Apr\u00e8s la formation des formateurs s\u00e9niors des membres des bureaux de vote, l\u2019institution a lanc\u00e9, le mercredi 18 d\u00e9cembre 2025 \u00e0 Conakry, la formation des membres des Commissions Administratives de Centralisation des Votes (CACV) et des Commissions de R\u00e9ception et de Transmission des Proc\u00e8s-Verbaux (CRTPV).<\/div>\n<div dir=\"auto\"><\/div>\n<div dir=\"auto\">Cette session vise \u00e0 doter ces commissions des comp\u00e9tences techniques et op\u00e9rationnelles n\u00e9cessaires \u00e0 la centralisation, \u00e0 la r\u00e9ception et \u00e0 la transmission s\u00e9curis\u00e9e des r\u00e9sultats \u00e9lectoraux, dans le strict respect du cadre l\u00e9gal en vigueur. L\u2019objectif est de garantir la transparence, la fiabilit\u00e9 et la cr\u00e9dibilit\u00e9 du scrutin, \u00e0 une \u00e9tape d\u00e9cisive du processus \u00e9lectoral.<\/div>\n<div dir=\"auto\"><img loading=\"lazy\" decoding=\"async\" class=\"alignnone size-medium wp-image-3442\" src=\"https:\/\/actu7.com\/wp-content\/uploads\/2025\/12\/IMG-20251220-WA0007-300x169.jpg\" alt=\"\" width=\"300\" height=\"169\" srcset=\"https:\/\/actu7.com\/wp-content\/uploads\/2025\/12\/IMG-20251220-WA0007-300x169.jpg 300w, https:\/\/actu7.com\/wp-content\/uploads\/2025\/12\/IMG-20251220-WA0007-1024x576.jpg 1024w, https:\/\/actu7.com\/wp-content\/uploads\/2025\/12\/IMG-20251220-WA0007-768x432.jpg 768w, https:\/\/actu7.com\/wp-content\/uploads\/2025\/12\/IMG-20251220-WA0007-696x392.jpg 696w, https:\/\/actu7.com\/wp-content\/uploads\/2025\/12\/IMG-20251220-WA0007-1068x601.jpg 1068w, https:\/\/actu7.com\/wp-content\/uploads\/2025\/12\/IMG-20251220-WA0007-747x420.jpg 747w, https:\/\/actu7.com\/wp-content\/uploads\/2025\/12\/IMG-20251220-WA0007.jpg 1280w\" sizes=\"auto, (max-width: 300px) 100vw, 300px\" \/><\/div>\n<div dir=\"auto\">Parall\u00e8lement, la DGE a \u00e9galement lanc\u00e9, \u00e0 son si\u00e8ge, la formation de 104 informaticiens formateurs sous la supervision de son d\u00e9partement informatique. Ces derniers auront pour mission de former les agents charg\u00e9s du traitement et de la remont\u00e9e des r\u00e9sultats \u00e9lectoraux. \u00c0 travers ces initiatives compl\u00e9mentaires, la Direction G\u00e9n\u00e9rale des \u00c9lections r\u00e9affirme son engagement \u00e0 organiser une \u00e9lection pr\u00e9sidentielle rigoureuse, professionnelle, cr\u00e9dible et apais\u00e9e.<\/div>\n<div dir=\"auto\"><\/div>\n<div dir=\"auto\"><b>L&rsquo;union des fondateurs des sites internet d&rsquo;information de Guin\u00e9e (UFSIIG)<\/b><\/div>\n","protected":false},"excerpt":{"rendered":"<p>Dans le cadre de la mise en \u0153uvre de son chronogramme d\u2019activit\u00e9s en pr\u00e9lude \u00e0 l\u2019\u00e9lection pr\u00e9sidentielle du 28 d\u00e9cembre 2025, la Direction G\u00e9n\u00e9rale des \u00c9lections (DGE) poursuit le renforcement des capacit\u00e9s des acteurs cl\u00e9s du processus \u00e9lectoral. Apr\u00e8s la formation des formateurs s\u00e9niors des membres des bureaux de vote, l\u2019institution a lanc\u00e9, le mercredi [&hellip;]<\/p>\n","protected":false},"author":2,"featured_media":3441,"comment_status":"closed","ping_status":"closed","sticky":false,"template":"","format":"standard","meta":{"footnotes":""},"categories":[15,8,2],"tags":[],"class_list":{"0":"post-3439","1":"post","2":"type-post","3":"status-publish","4":"format-standard","5":"has-post-thumbnail","7":"category-a-la-une","8":"category-actualites","9":"category-featured"},"_links":{"self":[{"href":"https:\/\/actu7.com\/index.php\/wp-json\/wp\/v2\/posts\/3439","targetHints":{"allow":["GET"]}}],"collection":[{"href":"https:\/\/actu7.com\/index.php\/wp-json\/wp\/v2\/posts"}],"about":[{"href":"https:\/\/actu7.com\/index.php\/wp-json\/wp\/v2\/types\/post"}],"author":[{"embeddable":true,"href":"https:\/\/actu7.com\/index.php\/wp-json\/wp\/v2\/users\/2"}],"replies":[{"embeddable":true,"href":"https:\/\/actu7.com\/index.php\/wp-json\/wp\/v2\/comments?post=3439"}],"version-history":[{"count":0,"href":"https:\/\/actu7.com\/index.php\/wp-json\/wp\/v2\/posts\/3439\/revisions"}],"wp:featuredmedia":[{"embeddable":true,"href":"https:\/\/actu7.com\/index.php\/wp-json\/wp\/v2\/media\/3441"}],"wp:attachment":[{"href":"https:\/\/actu7.com\/index.php\/wp-json\/wp\/v2\/media?parent=3439"}],"wp:term":[{"taxonomy":"category","embeddable":true,"href":"https:\/\/actu7.com\/index.php\/wp-json\/wp\/v2\/categories?post=3439"},{"taxonomy":"post_tag","embeddable":true,"href":"https:\/\/actu7.com\/index.php\/wp-json\/wp\/v2\/tags?post=3439"}],"curies":[{"name":"wp","href":"https:\/\/api.w.org\/{rel}","templated":true}]}}