{"id":3352,"date":"2025-12-12T18:28:41","date_gmt":"2025-12-12T18:28:41","guid":{"rendered":"https:\/\/actu7.com\/?p=3352"},"modified":"2025-12-12T18:30:59","modified_gmt":"2025-12-12T18:30:59","slug":"presidentielle-du-28-decembre-la-dge-forme-les-journalistes-sur-le-nouveau-cadre-electoral-avec-lappui-de-loif","status":"publish","type":"post","link":"https:\/\/actu7.com\/index.php\/presidentielle-du-28-decembre-la-dge-forme-les-journalistes-sur-le-nouveau-cadre-electoral-avec-lappui-de-loif\/","title":{"rendered":"Pr\u00e9sidentielle du 28 d\u00e9cembre : La DGE forme les journalistes sur le nouveau cadre \u00e9lectoral avec l\u2019appui de l\u2019OIF"},"content":{"rendered":"<div dir=\"auto\">La Direction g\u00e9n\u00e9rale des \u00e9lections (DGE) a organis\u00e9 ce jeudi 11 d\u00e9cembre 2025 un atelier de formation \u00e0 l\u2019intention des journalistes, d\u00e9di\u00e9 \u00e0 la vulgarisation du nouveau cadre normatif des \u00e9lections. Cette activit\u00e9, organis\u00e9e en perspective de l\u2019\u00e9lection pr\u00e9sidentielle de d\u00e9cembre prochain, a b\u00e9n\u00e9fici\u00e9 de l\u2019appui technique et financier de l\u2019Organisation internationale de la Francophonie (OIF), ainsi que du soutien de plusieurs partenaires institutionnels.<\/div>\n<div dir=\"auto\"><\/div>\n<div dir=\"auto\">Dans son discours de bienvenue, la Directrice g\u00e9n\u00e9rale des \u00e9lections, Djenab Tour\u00e9, a rappel\u00e9 que l\u2019adoption de la nouvelle Constitution du 21 septembre 2025 a conduit \u00e0 un nouveau Code \u00e9lectoral r\u00e9gissant le scrutin pr\u00e9sidentiel du 28 d\u00e9cembre 2025. Elle a soulign\u00e9 que la tenue de cet atelier permettra aux journalistes de mieux appr\u00e9hender le cadre juridique, les r\u00e8gles d\u2019accr\u00e9ditation, le d\u00e9roulement des op\u00e9rations \u00e9lectorales et leurs obligations. \u00ab Il \u00e9tait important de tenir cette session afin que les journalistes puissent prendre connaissance du nouveau dispositif normatif \u00bb, a-t-elle insist\u00e9.<\/div>\n<div dir=\"auto\"><\/div>\n<div dir=\"auto\">La Directrice g\u00e9n\u00e9rale a \u00e9galement salu\u00e9 le soutien constant de la Haute Autorit\u00e9 de la Communication (HAC) et l\u2019implication de la presse guin\u00e9enne en termes de vulgarisation de la mise en place du registre national des personnes physiques, du fichier \u00e9lectoral biom\u00e9trique et dans la couverture du r\u00e9cent r\u00e9f\u00e9rendum, pr\u00e9sent\u00e9 comme l\u2019un des scrutins les plus apais\u00e9s depuis l\u2019instauration du multipartisme.<\/div>\n<div dir=\"auto\"><\/div>\n<div dir=\"auto\">Le pr\u00e9sident de la HAC, Boubacar Yacine Diallo, a quant \u00e0 lui, salu\u00e9 les r\u00e9formes dans le secteur m\u00e9diatique et le r\u00f4le cl\u00e9 des journalistes dans l\u2019instauration d\u2019un climat apais\u00e9 lors du dernier r\u00e9f\u00e9rendum et dans la campagne actuelle en cours. Il a appel\u00e9 les professionnels des m\u00e9dias, \u00e0 travers les diff\u00e9rentes associations de presse, \u00e0 exercer leur m\u00e9tier avec libert\u00e9, neutralit\u00e9 et professionnalisme, tout en les f\u00e9licitant pour leur engagement \u00e0 \u0153uvrer pour une \u00e9lection pr\u00e9sidentielle marqu\u00e9e par la maturit\u00e9 politique et la culture d\u00e9mocratique.<\/div>\n<div dir=\"auto\"><\/div>\n<div dir=\"auto\">Le Pr\u00e9sident de la HAC a conclu en ouvrant officiellement l\u2019atelier et en invitant les m\u00e9dias \u00e0 poursuivre leurs actions pour un scrutin transparent, neutre et paisible.<\/div>\n<div dir=\"auto\"><\/div>\n<div dir=\"auto\"><b>L\u2019union des fondateurs des sites internet d\u2019information de Guin\u00e9e (UFSIIG).<\/b><\/div>\n<div dir=\"auto\"><\/div>\n<div dir=\"auto\"><\/div>\n","protected":false},"excerpt":{"rendered":"<p>La Direction g\u00e9n\u00e9rale des \u00e9lections (DGE) a organis\u00e9 ce jeudi 11 d\u00e9cembre 2025 un atelier de formation \u00e0 l\u2019intention des journalistes, d\u00e9di\u00e9 \u00e0 la vulgarisation du nouveau cadre normatif des \u00e9lections. Cette activit\u00e9, organis\u00e9e en perspective de l\u2019\u00e9lection pr\u00e9sidentielle de d\u00e9cembre prochain, a b\u00e9n\u00e9fici\u00e9 de l\u2019appui technique et financier de l\u2019Organisation internationale de la Francophonie [&hellip;]<\/p>\n","protected":false},"author":2,"featured_media":3354,"comment_status":"closed","ping_status":"closed","sticky":false,"template":"","format":"standard","meta":{"footnotes":""},"categories":[15,8,2],"tags":[],"class_list":{"0":"post-3352","1":"post","2":"type-post","3":"status-publish","4":"format-standard","5":"has-post-thumbnail","7":"category-a-la-une","8":"category-actualites","9":"category-featured"},"_links":{"self":[{"href":"https:\/\/actu7.com\/index.php\/wp-json\/wp\/v2\/posts\/3352","targetHints":{"allow":["GET"]}}],"collection":[{"href":"https:\/\/actu7.com\/index.php\/wp-json\/wp\/v2\/posts"}],"about":[{"href":"https:\/\/actu7.com\/index.php\/wp-json\/wp\/v2\/types\/post"}],"author":[{"embeddable":true,"href":"https:\/\/actu7.com\/index.php\/wp-json\/wp\/v2\/users\/2"}],"replies":[{"embeddable":true,"href":"https:\/\/actu7.com\/index.php\/wp-json\/wp\/v2\/comments?post=3352"}],"version-history":[{"count":0,"href":"https:\/\/actu7.com\/index.php\/wp-json\/wp\/v2\/posts\/3352\/revisions"}],"wp:featuredmedia":[{"embeddable":true,"href":"https:\/\/actu7.com\/index.php\/wp-json\/wp\/v2\/media\/3354"}],"wp:attachment":[{"href":"https:\/\/actu7.com\/index.php\/wp-json\/wp\/v2\/media?parent=3352"}],"wp:term":[{"taxonomy":"category","embeddable":true,"href":"https:\/\/actu7.com\/index.php\/wp-json\/wp\/v2\/categories?post=3352"},{"taxonomy":"post_tag","embeddable":true,"href":"https:\/\/actu7.com\/index.php\/wp-json\/wp\/v2\/tags?post=3352"}],"curies":[{"name":"wp","href":"https:\/\/api.w.org\/{rel}","templated":true}]}}