{"id":3250,"date":"2025-11-30T08:17:44","date_gmt":"2025-11-30T08:17:44","guid":{"rendered":"https:\/\/actu7.com\/?p=3250"},"modified":"2025-11-30T08:25:10","modified_gmt":"2025-11-30T08:25:10","slug":"mines-awards-guinee-2025-la-reconnaissance-de-lexcellence-miniere","status":"publish","type":"post","link":"https:\/\/actu7.com\/index.php\/mines-awards-guinee-2025-la-reconnaissance-de-lexcellence-miniere\/","title":{"rendered":"Mines Awards Guin\u00e9e 2025 : La reconnaissance de l&rsquo;excellence mini\u00e8re"},"content":{"rendered":"<p dir=\"ltr\">Organis\u00e9e par le Comit\u00e9 Mines Awards Guin\u00e9e (COMAG), la quatri\u00e8me \u00e9dition des Mines Awards Guin\u00e9e s&rsquo;est tenue samedi, 29 novembre 2025 \u00e0 Conakry. La c\u00e9r\u00e9monie a r\u00e9uni les laur\u00e9ats, les acteurs cl\u00e9s du secteur minier et plusieurs personnalit\u00e9s autour d&rsquo;un objectif commun, celui de r\u00e9compenser les soci\u00e9t\u00e9s mini\u00e8res qui excellent dans le d\u00e9veloppement socio-\u00e9conomique du pays tout en respectant l&rsquo;imp\u00e9ratif du contenu local.<\/p>\n<p>\u00c0 l&rsquo;ouverture de l&rsquo;\u00e9v\u00e9nement, le Commissaire du COMAG, Eug\u00e8ne Capi Balamou, a soulign\u00e9 l&rsquo;importance de cette initiative pour le secteur.<\/p>\n<p dir=\"ltr\"><i>\u00ab\u00a0Depuis des ann\u00e9es, nous \u0153uvrons pour \u00e9valuer et valoriser l&rsquo;apport des entreprises mini\u00e8res en Guin\u00e9e. Il y a beaucoup d&rsquo;acteurs dans le secteur, et c&rsquo;est une des premi\u00e8res fois que ces entit\u00e9s sont reconnues \u00e0 leur juste valeur sur le plan national. Les actes qu&rsquo;elles posent s&rsquo;inscrivent dans une d\u00e9marche de soutien \u00e0 l&rsquo;administration publique. Imaginez qu&rsquo;une entreprise emploie pr\u00e8s de 800 Guin\u00e9ens ; cet impact est colossal. Il est imp\u00e9rieux que ces entit\u00e9s soient reconnues pour leur contribution. En les valorisant, nous incitons les autres \u00e0 suivre le pas pour que notre pays atteigne un niveau de valeur et de d\u00e9veloppement sup\u00e9rieur\u00a0\u00bb\u00a0<\/i>a-t-il dit<i>.<\/i><\/p>\n<p dir=\"ltr\">Poursuivant son allocution, M. Balamou est revenu sur les innovations majeures qui ont marqu\u00e9 cette \u00e9dition.<\/p>\n<p dir=\"ltr\"><i>\u00ab\u00a0Nous sommes \u00e0 la quatri\u00e8me \u00e9dition : l&rsquo;\u00e9v\u00e9nement a lieu en novembre, mais l&rsquo;orateur fait r\u00e9f\u00e9rence \u00e0 l&rsquo;anciennet\u00e9 du projet], et chaque ann\u00e9e, nous relevons le d\u00e9fi de l&rsquo;excellence. Cette ann\u00e9e, les innovations ont \u00e9t\u00e9 nombreuses : un changement de lieu pour offrir un cadre plus adapt\u00e9 ; l&rsquo;organisation de panels avec une augmentation significative du nombre de panelistes, passant \u00e0 huit cette ann\u00e9e ; l&rsquo;augmentation du nombre de troph\u00e9es d\u00e9cern\u00e9s, atteignant un total de 33 ; une couverture m\u00e9diatique en direct assur\u00e9e par certains organes de presse\u00a0\u00bb.<img loading=\"lazy\" decoding=\"async\" class=\"alignnone size-medium wp-image-3253\" src=\"https:\/\/actu7.com\/wp-content\/uploads\/2025\/11\/1764490934145-300x168.jpg\" alt=\"\" width=\"300\" height=\"168\" srcset=\"https:\/\/actu7.com\/wp-content\/uploads\/2025\/11\/1764490934145-300x168.jpg 300w, https:\/\/actu7.com\/wp-content\/uploads\/2025\/11\/1764490934145-1024x572.jpg 1024w, https:\/\/actu7.com\/wp-content\/uploads\/2025\/11\/1764490934145-768x429.jpg 768w, https:\/\/actu7.com\/wp-content\/uploads\/2025\/11\/1764490934145-1536x858.jpg 1536w, https:\/\/actu7.com\/wp-content\/uploads\/2025\/11\/1764490934145-2048x1144.jpg 2048w, https:\/\/actu7.com\/wp-content\/uploads\/2025\/11\/1764490934145-696x389.jpg 696w, https:\/\/actu7.com\/wp-content\/uploads\/2025\/11\/1764490934145-1068x597.jpg 1068w, https:\/\/actu7.com\/wp-content\/uploads\/2025\/11\/1764490934145-1920x1072.jpg 1920w, https:\/\/actu7.com\/wp-content\/uploads\/2025\/11\/1764490934145-752x420.jpg 752w\" sizes=\"auto, (max-width: 300px) 100vw, 300px\" \/><\/i><\/p>\n<p dir=\"ltr\">Interrog\u00e9 sur les perspectives futures, le Commissaire a reconnu le succ\u00e8s inattendu de l&rsquo;\u00e9v\u00e9nement, qui a soulev\u00e9 quelques d\u00e9fis logistiques.<\/p>\n<p dir=\"ltr\"><i>\u00ab\u00a0Nous avons \u00e9t\u00e9 quelque peu d\u00e9bord\u00e9s par l&rsquo;affluence. Nous avions pr\u00e9vu 200 places, mais le nombre de participants a \u00e9t\u00e9 bien sup\u00e9rieur, ce qui prouve l&rsquo;int\u00e9r\u00eat des entit\u00e9s, personnes physiques et morales, pour les Mines Awards. Nous allons nous r\u00e9unir avec les membres du comit\u00e9 pour r\u00e9fl\u00e9chir ensemble \u00e0 la mani\u00e8re de prendre des mesures draconiennes et imp\u00e9rieuses pour assurer la r\u00e9ussite des prochaines \u00e9ditions, notamment en mati\u00e8re d&rsquo;organisation\u00a0\u00bb.<\/i><\/p>\n<p dir=\"ltr\">M. Balamou a conclu son intervention par un message adress\u00e9 aux autorit\u00e9s, en particulier au Minist\u00e8re des Mines et de la G\u00e9ologie.<\/p>\n<p dir=\"ltr\"><i>\u00ab\u00a0Nous encourageons et soutenons le Minist\u00e8re. Le d\u00e9placement de la deuxi\u00e8me personnalit\u00e9 de ce d\u00e9partement pour pr\u00e9sider notre c\u00e9r\u00e9monie est un geste fort. Pour que les Mines Awards continuent de prosp\u00e9rer, il est essentiel que les personnalit\u00e9s issues de ce secteur strat\u00e9gique nous accompagnent, pas seulement financi\u00e8rement, mais aussi strat\u00e9giquement. C&rsquo;est la Guin\u00e9e qui est gagnante, et c&rsquo;est notre seule motivation\u00a0\u00bb.<\/i><\/p>\n<p dir=\"ltr\">Les laur\u00e9ats, quant \u00e0 eux, ont tour \u00e0 tour exprim\u00e9 leur satisfaction et ont r\u00e9affirm\u00e9 leur engagement \u00e0 maintenir les efforts qui leur ont valu cette reconnaissance.<\/p>\n<p dir=\"ltr\">La c\u00e9r\u00e9monie a \u00e9t\u00e9 ponctu\u00e9e par des panels anim\u00e9s par des sp\u00e9cialistes du secteur. La soir\u00e9e s&rsquo;est achev\u00e9e par la remise des 33 troph\u00e9es aux entreprises et acteurs m\u00e9ritants.<\/p>\n<p dir=\"ltr\"><b>Par S\u00e9kouba Kourouma pour Actu7.com<br \/>\n+224 628 00 36 63<\/b><\/p>\n","protected":false},"excerpt":{"rendered":"<p>Organis\u00e9e par le Comit\u00e9 Mines Awards Guin\u00e9e (COMAG), la quatri\u00e8me \u00e9dition des Mines Awards Guin\u00e9e s&rsquo;est tenue samedi, 29 novembre 2025 \u00e0 Conakry. La c\u00e9r\u00e9monie a r\u00e9uni les laur\u00e9ats, les acteurs cl\u00e9s du secteur minier et plusieurs personnalit\u00e9s autour d&rsquo;un objectif commun, celui de r\u00e9compenser les soci\u00e9t\u00e9s mini\u00e8res qui excellent dans le d\u00e9veloppement socio-\u00e9conomique du [&hellip;]<\/p>\n","protected":false},"author":2,"featured_media":3252,"comment_status":"closed","ping_status":"closed","sticky":false,"template":"","format":"standard","meta":{"footnotes":""},"categories":[15,8,2],"tags":[],"class_list":{"0":"post-3250","1":"post","2":"type-post","3":"status-publish","4":"format-standard","5":"has-post-thumbnail","7":"category-a-la-une","8":"category-actualites","9":"category-featured"},"_links":{"self":[{"href":"https:\/\/actu7.com\/index.php\/wp-json\/wp\/v2\/posts\/3250","targetHints":{"allow":["GET"]}}],"collection":[{"href":"https:\/\/actu7.com\/index.php\/wp-json\/wp\/v2\/posts"}],"about":[{"href":"https:\/\/actu7.com\/index.php\/wp-json\/wp\/v2\/types\/post"}],"author":[{"embeddable":true,"href":"https:\/\/actu7.com\/index.php\/wp-json\/wp\/v2\/users\/2"}],"replies":[{"embeddable":true,"href":"https:\/\/actu7.com\/index.php\/wp-json\/wp\/v2\/comments?post=3250"}],"version-history":[{"count":0,"href":"https:\/\/actu7.com\/index.php\/wp-json\/wp\/v2\/posts\/3250\/revisions"}],"wp:featuredmedia":[{"embeddable":true,"href":"https:\/\/actu7.com\/index.php\/wp-json\/wp\/v2\/media\/3252"}],"wp:attachment":[{"href":"https:\/\/actu7.com\/index.php\/wp-json\/wp\/v2\/media?parent=3250"}],"wp:term":[{"taxonomy":"category","embeddable":true,"href":"https:\/\/actu7.com\/index.php\/wp-json\/wp\/v2\/categories?post=3250"},{"taxonomy":"post_tag","embeddable":true,"href":"https:\/\/actu7.com\/index.php\/wp-json\/wp\/v2\/tags?post=3250"}],"curies":[{"name":"wp","href":"https:\/\/api.w.org\/{rel}","templated":true}]}}