{"id":3013,"date":"2025-11-08T00:30:49","date_gmt":"2025-11-08T00:30:49","guid":{"rendered":"https:\/\/actu7.com\/?p=3013"},"modified":"2025-11-07T23:53:49","modified_gmt":"2025-11-07T23:53:49","slug":"presidentielle-2025-lancement-officiel-de-la-convergence-republicaine-mouvement-de-soutien-au-general-doumbouya","status":"publish","type":"post","link":"https:\/\/actu7.com\/index.php\/presidentielle-2025-lancement-officiel-de-la-convergence-republicaine-mouvement-de-soutien-au-general-doumbouya\/","title":{"rendered":"Pr\u00e9sidentielle 2025 : Lancement Officiel de \u00ab\u00a0La Convergence R\u00e9publicaine\u00a0\u00bb, Mouvement de soutien au G\u00e9n\u00e9ral Doumbouya"},"content":{"rendered":"<p dir=\"ltr\">Dans la dynamique d&rsquo;apporter son soutien ind\u00e9fectible aux id\u00e9aux de refondation pr\u00f4n\u00e9s par le Pr\u00e9sident de la R\u00e9publique, le G\u00e9n\u00e9ral d&rsquo;Arm\u00e9e Mamadi Doumbouya, un mouvement de soutien baptis\u00e9 \u00ab\u00a0La Convergence R\u00e9publicaine (LCR)\u00a0\u00bb a \u00e9t\u00e9 cr\u00e9\u00e9 par des filles et fils de la Guin\u00e9e.<br \/>\nSes membres sont issus de diverses entit\u00e9s notamment des mouvements et associations de soutien, des m\u00e9dias, des influenceurs etc, tous unis pour conjuguer leurs efforts autour d\u2019un objectif commun. Celui de mobiliser les citoyens autour d&rsquo;un id\u00e9al qui n&rsquo;est rien d&rsquo;autre que d&rsquo;accompagner le G\u00e9n\u00e9ral Doumbouya pour qu&rsquo;il soit pl\u00e9biscit\u00e9 d\u00e8s le premier tour. C&rsquo;est dans cette optique qu&rsquo;a \u00e9t\u00e9 organis\u00e9e une rencontre ce vendredi 7 novembre 2025 \u00e0 la plage de Camayenne.<\/p>\n<p dir=\"ltr\">\u00a0L&rsquo;\u00e9v\u00e9nement, qui a mobilis\u00e9 les membres du mouvement ainsi que de nombreux invit\u00e9s, avait pour but de faire une d\u00e9claration marquant le lancement officiel des activit\u00e9s de la LCR, coordonn\u00e9e par le Dr. Moulaye Ahmed Ha\u00efdara.<img loading=\"lazy\" decoding=\"async\" class=\"alignnone size-medium wp-image-3025\" src=\"https:\/\/actu7.com\/wp-content\/uploads\/2025\/11\/IMG_20251107_181217_997-300x135.jpg\" alt=\"\" width=\"300\" height=\"135\" srcset=\"https:\/\/actu7.com\/wp-content\/uploads\/2025\/11\/IMG_20251107_181217_997-300x135.jpg 300w, https:\/\/actu7.com\/wp-content\/uploads\/2025\/11\/IMG_20251107_181217_997-1024x461.jpg 1024w, https:\/\/actu7.com\/wp-content\/uploads\/2025\/11\/IMG_20251107_181217_997-768x346.jpg 768w, https:\/\/actu7.com\/wp-content\/uploads\/2025\/11\/IMG_20251107_181217_997-1536x691.jpg 1536w, https:\/\/actu7.com\/wp-content\/uploads\/2025\/11\/IMG_20251107_181217_997-2048x922.jpg 2048w, https:\/\/actu7.com\/wp-content\/uploads\/2025\/11\/IMG_20251107_181217_997-696x313.jpg 696w, https:\/\/actu7.com\/wp-content\/uploads\/2025\/11\/IMG_20251107_181217_997-1068x481.jpg 1068w, https:\/\/actu7.com\/wp-content\/uploads\/2025\/11\/IMG_20251107_181217_997-1920x864.jpg 1920w, https:\/\/actu7.com\/wp-content\/uploads\/2025\/11\/IMG_20251107_181217_997-933x420.jpg 933w\" sizes=\"auto, (max-width: 300px) 100vw, 300px\" \/><\/p>\n<p dir=\"ltr\">Lors de cette d\u00e9claration, les membres ont exprim\u00e9 leur ferme volont\u00e9 de soutenir le G\u00e9n\u00e9ral d&rsquo;Arm\u00e9e Mamadi Doumbouya afin de lui permettre de poursuivre l&rsquo;\u0153uvre entam\u00e9e depuis sa prise de responsabilit\u00e9 le 5 septembre 2025.<br \/>\nPour LCR, le Chef de l\u2019\u00c9tat a ouvert la voie \u00e0 la r\u00e9alisation de plusieurs chantiers majeurs qui contribuent efficacement au d\u00e9veloppement de la Guin\u00e9e, en faveur de toute sa population. Ces chantiers incluent, entre autres : la construction et la r\u00e9habilitation des routes nationales pour fluidifier le trafic routier \u00e0 travers tout le pays ; la lutte implacable contre la corruption ; la vision Simandou 2025 destin\u00e9e \u00e0 g\u00e9n\u00e9rer de multiples emplois etc.<\/p>\n<p dir=\"ltr\">C&rsquo;est fort de cet esprit que \u00ab\u00a0La Convergence R\u00e9publicaine\u00a0\u00bb s&rsquo;engage corps et \u00e2mes \u00e0 inviter les citoyens \u00e0 resserrer les rangs pour accompagner le Pr\u00e9sident de la R\u00e9publique de Guin\u00e9e.<\/p>\n<p dir=\"ltr\"><i>\u00ab\u00a0Votons tous en faveur du G\u00e9n\u00e9ral b\u00e2tisseur pour qu&rsquo;il soit pl\u00e9biscit\u00e9 d\u00e8s le soir du 28 d\u00e9cembre 2025\u00a0\u00bb,<\/i>\u00a0a conclu le coordinateur g\u00e9n\u00e9ral.<img loading=\"lazy\" decoding=\"async\" class=\"alignnone size-medium wp-image-3023\" src=\"https:\/\/actu7.com\/wp-content\/uploads\/2025\/11\/IMG_20251107_145121_941-3-300x135.jpg\" alt=\"\" width=\"300\" height=\"135\" srcset=\"https:\/\/actu7.com\/wp-content\/uploads\/2025\/11\/IMG_20251107_145121_941-3-300x135.jpg 300w, https:\/\/actu7.com\/wp-content\/uploads\/2025\/11\/IMG_20251107_145121_941-3-1024x461.jpg 1024w, https:\/\/actu7.com\/wp-content\/uploads\/2025\/11\/IMG_20251107_145121_941-3-768x346.jpg 768w, https:\/\/actu7.com\/wp-content\/uploads\/2025\/11\/IMG_20251107_145121_941-3-1536x691.jpg 1536w, https:\/\/actu7.com\/wp-content\/uploads\/2025\/11\/IMG_20251107_145121_941-3-2048x922.jpg 2048w, https:\/\/actu7.com\/wp-content\/uploads\/2025\/11\/IMG_20251107_145121_941-3-696x313.jpg 696w, https:\/\/actu7.com\/wp-content\/uploads\/2025\/11\/IMG_20251107_145121_941-3-1068x481.jpg 1068w, https:\/\/actu7.com\/wp-content\/uploads\/2025\/11\/IMG_20251107_145121_941-3-1920x864.jpg 1920w, https:\/\/actu7.com\/wp-content\/uploads\/2025\/11\/IMG_20251107_145121_941-3-933x420.jpg 933w\" sizes=\"auto, (max-width: 300px) 100vw, 300px\" \/><\/p>\n<p dir=\"ltr\">Il est \u00e0 rappeler que la c\u00e9r\u00e9monie de lancement officiel des activit\u00e9s de LCR a \u00e9t\u00e9 pr\u00e9c\u00e9d\u00e9 par une lecture du Saint Coran \u00e0 la Grande Mosqu\u00e9e Fay\u00e7al de Conakry. Cette lecture a \u00e9t\u00e9 l&rsquo;occasion pour les organisateurs et les chefs religieux d&rsquo;implorer la Gr\u00e2ce Divine pour qu&rsquo;il r\u00e9pand sa mis\u00e9ricorde sur la Guin\u00e9e et de son Pr\u00e9sident, G\u00e9n\u00e9ral Mamadi Doumbouya.<\/p>\n<p dir=\"ltr\"><b>S\u00e9kouba Kourouma pour Actu7.com<br \/>\n+224 628 00 36 63<\/b><\/p>\n","protected":false},"excerpt":{"rendered":"<p>Dans la dynamique d&rsquo;apporter son soutien ind\u00e9fectible aux id\u00e9aux de refondation pr\u00f4n\u00e9s par le Pr\u00e9sident de la R\u00e9publique, le G\u00e9n\u00e9ral d&rsquo;Arm\u00e9e Mamadi Doumbouya, un mouvement de soutien baptis\u00e9 \u00ab\u00a0La Convergence R\u00e9publicaine (LCR)\u00a0\u00bb a \u00e9t\u00e9 cr\u00e9\u00e9 par des filles et fils de la Guin\u00e9e. Ses membres sont issus de diverses entit\u00e9s notamment des mouvements et associations [&hellip;]<\/p>\n","protected":false},"author":2,"featured_media":3019,"comment_status":"closed","ping_status":"closed","sticky":false,"template":"","format":"standard","meta":{"footnotes":""},"categories":[2,4],"tags":[],"class_list":{"0":"post-3013","1":"post","2":"type-post","3":"status-publish","4":"format-standard","5":"has-post-thumbnail","7":"category-featured","8":"category-politique"},"_links":{"self":[{"href":"https:\/\/actu7.com\/index.php\/wp-json\/wp\/v2\/posts\/3013","targetHints":{"allow":["GET"]}}],"collection":[{"href":"https:\/\/actu7.com\/index.php\/wp-json\/wp\/v2\/posts"}],"about":[{"href":"https:\/\/actu7.com\/index.php\/wp-json\/wp\/v2\/types\/post"}],"author":[{"embeddable":true,"href":"https:\/\/actu7.com\/index.php\/wp-json\/wp\/v2\/users\/2"}],"replies":[{"embeddable":true,"href":"https:\/\/actu7.com\/index.php\/wp-json\/wp\/v2\/comments?post=3013"}],"version-history":[{"count":0,"href":"https:\/\/actu7.com\/index.php\/wp-json\/wp\/v2\/posts\/3013\/revisions"}],"wp:featuredmedia":[{"embeddable":true,"href":"https:\/\/actu7.com\/index.php\/wp-json\/wp\/v2\/media\/3019"}],"wp:attachment":[{"href":"https:\/\/actu7.com\/index.php\/wp-json\/wp\/v2\/media?parent=3013"}],"wp:term":[{"taxonomy":"category","embeddable":true,"href":"https:\/\/actu7.com\/index.php\/wp-json\/wp\/v2\/categories?post=3013"},{"taxonomy":"post_tag","embeddable":true,"href":"https:\/\/actu7.com\/index.php\/wp-json\/wp\/v2\/tags?post=3013"}],"curies":[{"name":"wp","href":"https:\/\/api.w.org\/{rel}","templated":true}]}}