{"id":1908,"date":"2025-07-29T10:05:08","date_gmt":"2025-07-29T10:05:08","guid":{"rendered":"https:\/\/actu7.com\/?p=1908"},"modified":"2025-07-29T10:05:08","modified_gmt":"2025-07-29T10:05:08","slug":"matam-les-autorites-communales-retroussent-les-manches-contre-les-ordures","status":"publish","type":"post","link":"https:\/\/actu7.com\/index.php\/matam-les-autorites-communales-retroussent-les-manches-contre-les-ordures\/","title":{"rendered":"Matam : les autorit\u00e9s communales retroussent les manches contre les ordures"},"content":{"rendered":"<p>L&rsquo;assainissement repr\u00e9sente un d\u00e9fi majeur pour la commune de Matam, situ\u00e9e \u00e0 Conakry, en R\u00e9publique de Guin\u00e9e. Dans ce contexte, la d\u00e9l\u00e9gation sp\u00e9ciale, sous la direction de Badra Kon\u00e9, joue un r\u00f4le essentiel dans la mise en \u0153uvre d&rsquo;initiatives visant \u00e0 am\u00e9liorer la propret\u00e9 et la salubrit\u00e9 de la localit\u00e9.<br \/>\nHistoriquement, \u00e0 l&rsquo;instar de nombreuses zones urbaines en forte croissance, Matam a \u00e9t\u00e9 confront\u00e9e \u00e0 des probl\u00e8mes persistants concernant la gestion des d\u00e9chets solides, le drainage des eaux pluviales et l&rsquo;acc\u00e8s \u00e0 des infrastructures sanitaires ad\u00e9quates. Ces enjeux ont eu un impact direct sur la sant\u00e9 publique, l&rsquo;environnement et la qualit\u00e9 de vie des habitants.<\/p>\n<p>Depuis sa nomination, la d\u00e9l\u00e9gation sp\u00e9ciale dirig\u00e9e par Badra Kon\u00e9 a plac\u00e9 l&rsquo;assainissement au c\u0153ur de ses priorit\u00e9s. Consciente de l&rsquo;ampleur des d\u00e9fis, elle s&rsquo;est engag\u00e9e \u00e0 insuffler une nouvelle dynamique et \u00e0 mobiliser les ressources n\u00e9cessaires pour transformer le visage de Matam. Parmi les axes d&rsquo;intervention cl\u00e9s, on peut citer : la gestion des d\u00e9chets solides ; l&rsquo;am\u00e9lioration du drainage ; la sensibilisation et l&rsquo;engagement communautaire pour ne citer que ceux-l\u00e0. Ces initiatives contribuent non seulement \u00e0 prot\u00e9ger les citoyens des dangers li\u00e9s aux ordures, mais aussi \u00e0 embellir la juridiction.<\/p>\n<p>Ces efforts de la d\u00e9l\u00e9gation sp\u00e9ciale de Matam, sous l&rsquo;impulsion de Badra Kon\u00e9, commencent \u00e0 porter leurs fruits. On observe actuellement une am\u00e9lioration progressive de la propret\u00e9 dans certains quartiers, une meilleure gestion des ordures et une prise de conscience accrue des citoyens.<\/p>\n<p>Cependant, le chemin reste long. Les d\u00e9fis d\u00e9mographiques, le manque de ressources et les habitudes profond\u00e9ment ancr\u00e9es n\u00e9cessitent un engagement continu et une planification \u00e0 long terme. La d\u00e9l\u00e9gation sp\u00e9ciale de Matam, avec Badra Kon\u00e9 \u00e0 sa t\u00eate, est r\u00e9solument engag\u00e9e dans cette voie, \u0153uvrant pour une commune plus propre, plus saine et plus agr\u00e9able \u00e0 vivre pour tous ses citoyens.<\/p>\n<p>Image archives<\/p>\n<p>S\u00e9kouba Kourouma<\/p>\n<p>+224 628 00 36 63<\/p>\n","protected":false},"excerpt":{"rendered":"<p>L&rsquo;assainissement repr\u00e9sente un d\u00e9fi majeur pour la commune de Matam, situ\u00e9e \u00e0 Conakry, en R\u00e9publique de Guin\u00e9e. Dans ce contexte, la d\u00e9l\u00e9gation sp\u00e9ciale, sous la direction de Badra Kon\u00e9, joue un r\u00f4le essentiel dans la mise en \u0153uvre d&rsquo;initiatives visant \u00e0 am\u00e9liorer la propret\u00e9 et la salubrit\u00e9 de la localit\u00e9. Historiquement, \u00e0 l&rsquo;instar de nombreuses [&hellip;]<\/p>\n","protected":false},"author":2,"featured_media":1909,"comment_status":"closed","ping_status":"closed","sticky":false,"template":"","format":"standard","meta":{"footnotes":""},"categories":[2,10],"tags":[],"class_list":{"0":"post-1908","1":"post","2":"type-post","3":"status-publish","4":"format-standard","5":"has-post-thumbnail","7":"category-featured","8":"category-societe-2"},"_links":{"self":[{"href":"https:\/\/actu7.com\/index.php\/wp-json\/wp\/v2\/posts\/1908","targetHints":{"allow":["GET"]}}],"collection":[{"href":"https:\/\/actu7.com\/index.php\/wp-json\/wp\/v2\/posts"}],"about":[{"href":"https:\/\/actu7.com\/index.php\/wp-json\/wp\/v2\/types\/post"}],"author":[{"embeddable":true,"href":"https:\/\/actu7.com\/index.php\/wp-json\/wp\/v2\/users\/2"}],"replies":[{"embeddable":true,"href":"https:\/\/actu7.com\/index.php\/wp-json\/wp\/v2\/comments?post=1908"}],"version-history":[{"count":0,"href":"https:\/\/actu7.com\/index.php\/wp-json\/wp\/v2\/posts\/1908\/revisions"}],"wp:featuredmedia":[{"embeddable":true,"href":"https:\/\/actu7.com\/index.php\/wp-json\/wp\/v2\/media\/1909"}],"wp:attachment":[{"href":"https:\/\/actu7.com\/index.php\/wp-json\/wp\/v2\/media?parent=1908"}],"wp:term":[{"taxonomy":"category","embeddable":true,"href":"https:\/\/actu7.com\/index.php\/wp-json\/wp\/v2\/categories?post=1908"},{"taxonomy":"post_tag","embeddable":true,"href":"https:\/\/actu7.com\/index.php\/wp-json\/wp\/v2\/tags?post=1908"}],"curies":[{"name":"wp","href":"https:\/\/api.w.org\/{rel}","templated":true}]}}