{"id":1878,"date":"2025-07-25T18:19:12","date_gmt":"2025-07-25T18:19:12","guid":{"rendered":"https:\/\/actu7.com\/?p=1878"},"modified":"2025-07-25T18:23:47","modified_gmt":"2025-07-25T18:23:47","slug":"education-un-nouveau-livret-de-stage-pour-renforcer-la-formation-des-futurs-enseignants","status":"publish","type":"post","link":"https:\/\/actu7.com\/index.php\/education-un-nouveau-livret-de-stage-pour-renforcer-la-formation-des-futurs-enseignants\/","title":{"rendered":"\u00c9ducation : un nouveau livret de stage pour renforcer la formation des futurs enseignants"},"content":{"rendered":"<div dir=\"auto\">La validation du livret de stage pour le suivi des \u00e9l\u00e8ves-ma\u00eetres des ENI est d\u00e9sormais chose faite. Lanc\u00e9e le lundi 21 juillet, la formation intensive du corps enseignant d\u00e9di\u00e9e \u00e0 cet outil essentiel s&rsquo;est cl\u00f4tur\u00e9e ce vendredi, 25 juillet 2025. Ce document a pour but de suivre et d&rsquo;\u00e9valuer le parcours de formation pratique des futurs enseignants en situation r\u00e9elle de classe, marquant une \u00e9tape cl\u00e9 dans l&rsquo;am\u00e9lioration de l&rsquo;\u00e9ducation en R\u00e9publique de Guin\u00e9e.<\/div>\n<div dir=\"auto\">Quarante-deux (42) participants ont b\u00e9n\u00e9fici\u00e9 de cet atelier organis\u00e9 par la Direction G\u00e9n\u00e9rale du Service National de la Formation Continue du Personnel Enseignant (DGSNFCPE) sur appui technique et financier de l&rsquo;Agence Universitaire de la Francophonie (AUF) dans le cadre de son programme\u00a0 \u00ab\u00a0Appui \u00e0 la Professionnalisation de la Pratique Enseignante\u00a0\u00bb.<\/div>\n<div dir=\"auto\"><\/div>\n<div dir=\"auto\">Le directeur national en charge des ENI, Maningb\u00e8 Kaba Traor\u00e9 a vivement salu\u00e9 cette initiative, remerciant les autorit\u00e9s \u00e9ducatives guin\u00e9ennes. Selon lui, cette rencontre contribuera efficacement \u00e0 l&rsquo;am\u00e9lioration du niveau des \u00e9l\u00e8ves-ma\u00eetres, ce qui aura des r\u00e9percussions positives sur la qualification du syst\u00e8me \u00e9ducatif guin\u00e9en.<\/div>\n<div dir=\"auto\">Au nom de la ministre de l&rsquo;Enseignement Technique, de la Formation Professionnelle et de l&rsquo;Emploi, il a exprim\u00e9 l&rsquo;engagement de son d\u00e9partement \u00e0 soutenir cet outil, qu&rsquo;il consid\u00e8re comme une voie ouverte vers la formation d&rsquo;excellents enseignants.<\/div>\n<div dir=\"auto\"><img loading=\"lazy\" decoding=\"async\" class=\"alignnone size-medium wp-image-1881\" src=\"https:\/\/actu7.com\/wp-content\/uploads\/2025\/07\/1753467690375-300x167.jpg\" alt=\"\" width=\"300\" height=\"167\" srcset=\"https:\/\/actu7.com\/wp-content\/uploads\/2025\/07\/1753467690375-300x167.jpg 300w, https:\/\/actu7.com\/wp-content\/uploads\/2025\/07\/1753467690375-1024x570.jpg 1024w, https:\/\/actu7.com\/wp-content\/uploads\/2025\/07\/1753467690375-768x427.jpg 768w, https:\/\/actu7.com\/wp-content\/uploads\/2025\/07\/1753467690375-1536x855.jpg 1536w, https:\/\/actu7.com\/wp-content\/uploads\/2025\/07\/1753467690375-2048x1139.jpg 2048w, https:\/\/actu7.com\/wp-content\/uploads\/2025\/07\/1753467690375-696x385.jpg 696w, https:\/\/actu7.com\/wp-content\/uploads\/2025\/07\/1753467690375-1068x594.jpg 1068w, https:\/\/actu7.com\/wp-content\/uploads\/2025\/07\/1753467690375-1920x1068.jpg 1920w, https:\/\/actu7.com\/wp-content\/uploads\/2025\/07\/1753467690375-755x420.jpg 755w\" sizes=\"auto, (max-width: 300px) 100vw, 300px\" \/><\/div>\n<div dir=\"auto\">Dans son discours de cl\u00f4ture, Abdoul Gadiri Bah, Directeur G\u00e9n\u00e9ral par Int\u00e9rim de la DGSNFCPE, a soulign\u00e9 que le livret de stage finalis\u00e9 repr\u00e9sente un instrument p\u00e9dagogique essentiel. Il le d\u00e9crit comme une passerelle indispensable entre l&rsquo;enseignement th\u00e9orique dispens\u00e9 dans nos ENI et l&rsquo;application pratique sur le terrain. Cet outil dit-il, offre aux \u00e9l\u00e8ves-ma\u00eetres un cadre structur\u00e9 pour observer, analyser, exp\u00e9rimenter et \u00e9valuer leur propre pratique enseignante.<\/div>\n<div dir=\"auto\"><\/div>\n<div dir=\"auto\"><i>\u00ab\u00a0Ce projet, que nous venons de mener \u00e0 bien, est le r\u00e9sultat d&rsquo;une collaboration fructueuse entre les divers acteurs de notre syst\u00e8me \u00e9ducatif\u00a0\u00bb<\/i>, a-t-il d\u00e9clar\u00e9, exprimant sa profonde gratitude envers les \u00e9quipes techniques, les formateurs, les inspecteurs et les partenaires qui ont soutenu ce processus, depuis les consultations initiales jusqu&rsquo;\u00e0 la tenue de cet atelier de validation.<\/div>\n<div dir=\"auto\"><\/div>\n<div dir=\"auto\">Conscient que l&rsquo;excellence de l&rsquo;\u00e9ducation repose fondamentalement sur la qualification des enseignants, le directeur g\u00e9n\u00e9ral par int\u00e9rim a exprim\u00e9 son espoir que cet atelier produira des r\u00e9sultats significatifs sur le terrain.\u00a0<i>\u00ab\u00a0En dotant les \u00e9l\u00e8ves-ma\u00eetres d&rsquo;un outil sp\u00e9cifiquement adapt\u00e9 \u00e0 leur stage, nous franchissons une \u00e9tape significative vers une professionnalisation accrue de leur parcours\u00a0\u00bb<\/i>, a-t-il affirm\u00e9.<\/div>\n<div dir=\"auto\"><\/div>\n<div dir=\"auto\">Il a \u00e9galement insist\u00e9 sur la consolidation de l&rsquo;harmonisation des pratiques p\u00e9dagogiques et la garantie de l&rsquo;assurance qualit\u00e9 au sein des institutions de formation.<\/div>\n<div dir=\"auto\"><img loading=\"lazy\" decoding=\"async\" class=\"alignnone size-medium wp-image-1883\" src=\"https:\/\/actu7.com\/wp-content\/uploads\/2025\/07\/IMG_20250725_121500_827-300x135.jpg\" alt=\"\" width=\"300\" height=\"135\" srcset=\"https:\/\/actu7.com\/wp-content\/uploads\/2025\/07\/IMG_20250725_121500_827-300x135.jpg 300w, https:\/\/actu7.com\/wp-content\/uploads\/2025\/07\/IMG_20250725_121500_827-1024x461.jpg 1024w, https:\/\/actu7.com\/wp-content\/uploads\/2025\/07\/IMG_20250725_121500_827-768x346.jpg 768w, https:\/\/actu7.com\/wp-content\/uploads\/2025\/07\/IMG_20250725_121500_827-1536x691.jpg 1536w, https:\/\/actu7.com\/wp-content\/uploads\/2025\/07\/IMG_20250725_121500_827-2048x922.jpg 2048w, https:\/\/actu7.com\/wp-content\/uploads\/2025\/07\/IMG_20250725_121500_827-696x313.jpg 696w, https:\/\/actu7.com\/wp-content\/uploads\/2025\/07\/IMG_20250725_121500_827-1068x481.jpg 1068w, https:\/\/actu7.com\/wp-content\/uploads\/2025\/07\/IMG_20250725_121500_827-1920x864.jpg 1920w, https:\/\/actu7.com\/wp-content\/uploads\/2025\/07\/IMG_20250725_121500_827-933x420.jpg 933w\" sizes=\"auto, (max-width: 300px) 100vw, 300px\" \/><\/div>\n<div dir=\"auto\">\u00c0 l&rsquo;issue de l&rsquo;atelier, Gadiri Bah a invit\u00e9 les participants \u00e0 maintenir le m\u00eame esprit de collaboration et la m\u00eame rigueur dans la mise en \u0153uvre effective de ce livret sur le terrain. Pour lui, son appropriation pleine et enti\u00e8re par les encadreurs p\u00e9dagogiques, les ma\u00eetres de stage et les \u00e9l\u00e8ves-ma\u00eetres sera d\u00e9terminante pour en optimiser tous les b\u00e9n\u00e9fices.<\/div>\n<div dir=\"auto\"><\/div>\n<div dir=\"auto\">Il a enfin renouvel\u00e9 ses remerciements \u00e0 toutes celles et ceux qui ont contribu\u00e9 au succ\u00e8s \u00e9clatant de cet atelier pour leur d\u00e9vouement in\u00e9branlable \u00e0 la cause de l&rsquo;\u00e9ducation.<\/div>\n<div dir=\"auto\"><\/div>\n<div dir=\"auto\"><\/div>\n<div dir=\"auto\"><b>S\u00e9kouba Kourouma<\/b><\/div>\n<div dir=\"auto\"><b>+224 628 00 36 63<\/b><\/div>\n<div dir=\"auto\"><\/div>\n","protected":false},"excerpt":{"rendered":"<p>La validation du livret de stage pour le suivi des \u00e9l\u00e8ves-ma\u00eetres des ENI est d\u00e9sormais chose faite. Lanc\u00e9e le lundi 21 juillet, la formation intensive du corps enseignant d\u00e9di\u00e9e \u00e0 cet outil essentiel s&rsquo;est cl\u00f4tur\u00e9e ce vendredi, 25 juillet 2025. Ce document a pour but de suivre et d&rsquo;\u00e9valuer le parcours de formation pratique des [&hellip;]<\/p>\n","protected":false},"author":2,"featured_media":1879,"comment_status":"closed","ping_status":"closed","sticky":false,"template":"","format":"standard","meta":{"footnotes":""},"categories":[8,2],"tags":[],"class_list":{"0":"post-1878","1":"post","2":"type-post","3":"status-publish","4":"format-standard","5":"has-post-thumbnail","7":"category-actualites","8":"category-featured"},"_links":{"self":[{"href":"https:\/\/actu7.com\/index.php\/wp-json\/wp\/v2\/posts\/1878","targetHints":{"allow":["GET"]}}],"collection":[{"href":"https:\/\/actu7.com\/index.php\/wp-json\/wp\/v2\/posts"}],"about":[{"href":"https:\/\/actu7.com\/index.php\/wp-json\/wp\/v2\/types\/post"}],"author":[{"embeddable":true,"href":"https:\/\/actu7.com\/index.php\/wp-json\/wp\/v2\/users\/2"}],"replies":[{"embeddable":true,"href":"https:\/\/actu7.com\/index.php\/wp-json\/wp\/v2\/comments?post=1878"}],"version-history":[{"count":0,"href":"https:\/\/actu7.com\/index.php\/wp-json\/wp\/v2\/posts\/1878\/revisions"}],"wp:featuredmedia":[{"embeddable":true,"href":"https:\/\/actu7.com\/index.php\/wp-json\/wp\/v2\/media\/1879"}],"wp:attachment":[{"href":"https:\/\/actu7.com\/index.php\/wp-json\/wp\/v2\/media?parent=1878"}],"wp:term":[{"taxonomy":"category","embeddable":true,"href":"https:\/\/actu7.com\/index.php\/wp-json\/wp\/v2\/categories?post=1878"},{"taxonomy":"post_tag","embeddable":true,"href":"https:\/\/actu7.com\/index.php\/wp-json\/wp\/v2\/tags?post=1878"}],"curies":[{"name":"wp","href":"https:\/\/api.w.org\/{rel}","templated":true}]}}