{"id":1873,"date":"2025-07-25T12:18:47","date_gmt":"2025-07-25T12:18:47","guid":{"rendered":"https:\/\/actu7.com\/?p=1873"},"modified":"2025-07-25T12:19:42","modified_gmt":"2025-07-25T12:19:42","slug":"bah-oury-assure-que-desormais-letat-sera-oblige-deviter-quun-enfant-de-moins-de-17-ans-soit-dans-la-rue","status":"publish","type":"post","link":"https:\/\/actu7.com\/index.php\/bah-oury-assure-que-desormais-letat-sera-oblige-deviter-quun-enfant-de-moins-de-17-ans-soit-dans-la-rue\/","title":{"rendered":"Bah Oury assure que d\u00e9sormais, \u00ab\u00a0l&rsquo;\u00c9tat sera oblig\u00e9 d&rsquo;\u00e9viter qu&rsquo;un enfant de moins de 17 ans soit dans la rue\u00a0\u00bb"},"content":{"rendered":"<div dir=\"auto\">En appelant les autorit\u00e9s guin\u00e9ennes \u00e0 \u0153uvrer pour la vulgarisation du projet de nouvelle Constitution, le Premier ministre Bah Oury assure qu\u2019avec ce texte fondamental, l\u2019\u00c9tat aura l\u2019obligation d\u2019\u00e9viter que des enfants de moins de 17 ans se retrouvent dans la rue.<\/div>\n<div dir=\"auto\"><\/div>\n<div dir=\"auto\">\u2018\u2019D\u00e9sormais, tous les enfants de la R\u00e9publique devront aller \u00e0 l\u2019\u00e9cole jusqu\u2019\u00e0 l\u2019\u00e2ge de 17 ans. L\u2019Etat est oblig\u00e9, et sera oblig\u00e9, de faire en sorte que tous les enfants de la R\u00e9publique aillent \u00e0 l\u2019\u00e9cole. L\u2019Etat sera oblig\u00e9 d\u2019\u00e9viter qu\u2019un enfant de moins de 17 ans soit dans la rue. L\u2019\u00c9tat sera \u00e9galement oblig\u00e9 de faire en sorte que la question du logement devienne un droit\u2019\u2019, indique le chef du gouvernement.<\/div>\n<div dir=\"auto\"><\/div>\n<div dir=\"auto\">\u00c9galement, poursuit Bah Oury, \u2018\u2019l\u2019Etat sera oblig\u00e9 de faire en sorte que la sant\u00e9 devienne un droit. Cela veut dire que tous les citoyens de la R\u00e9publique de Guin\u00e9e doivent savoir que ce projet constitutionnel est d\u2019abord pour eux. Toute personne dont les droits constitutionnels ne seront pas respect\u00e9s aura le droit de porter plainte contre l\u2019\u00c9tat guin\u00e9en. D\u2019autres dispositions \u00e9galement importantes figurent dans ce projet constitutionnel\u2019\u2019.<\/div>\n<div dir=\"auto\"><\/div>\n<div dir=\"auto\">Le Premier ministre rappelle que \u2018\u2019nous connaissons les raisons pour lesquelles, depuis l\u2019ind\u00e9pendance, nous n\u2019avons pas connu une stabilit\u00e9 durable. Et cette Constitution entend proposer des dynamiques pour \u00e9viter que cela ne se reproduise\u2019\u2019.<\/div>\n<div dir=\"auto\"><\/div>\n<div dir=\"auto\">Dans la future loi fondamentale du pays, explique le locataire du palais de la Colombe,\u2019\u2019tous les citoyens de la R\u00e9publique de Guin\u00e9e sont \u00e9gaux en droits et en devoirs. Aucun citoyen de la R\u00e9publique ne devrait subir de discrimination en raison de ses origines, de son lieu de naissance, de son appartenance ethnique ou religieuse. Et \u00e7a, c\u2019est tr\u00e8s important\u2019\u2019.<\/div>\n<div dir=\"auto\"><\/div>\n<div dir=\"auto\"><\/div>\n<div dir=\"auto\"><b>Source : visionguinee<\/b><\/div>\n","protected":false},"excerpt":{"rendered":"<p>En appelant les autorit\u00e9s guin\u00e9ennes \u00e0 \u0153uvrer pour la vulgarisation du projet de nouvelle Constitution, le Premier ministre Bah Oury assure qu\u2019avec ce texte fondamental, l\u2019\u00c9tat aura l\u2019obligation d\u2019\u00e9viter que des enfants de moins de 17 ans se retrouvent dans la rue. \u2018\u2019D\u00e9sormais, tous les enfants de la R\u00e9publique devront aller \u00e0 l\u2019\u00e9cole jusqu\u2019\u00e0 l\u2019\u00e2ge [&hellip;]<\/p>\n","protected":false},"author":2,"featured_media":1874,"comment_status":"closed","ping_status":"closed","sticky":false,"template":"","format":"standard","meta":{"footnotes":""},"categories":[2,4],"tags":[],"class_list":{"0":"post-1873","1":"post","2":"type-post","3":"status-publish","4":"format-standard","5":"has-post-thumbnail","7":"category-featured","8":"category-politique"},"_links":{"self":[{"href":"https:\/\/actu7.com\/index.php\/wp-json\/wp\/v2\/posts\/1873","targetHints":{"allow":["GET"]}}],"collection":[{"href":"https:\/\/actu7.com\/index.php\/wp-json\/wp\/v2\/posts"}],"about":[{"href":"https:\/\/actu7.com\/index.php\/wp-json\/wp\/v2\/types\/post"}],"author":[{"embeddable":true,"href":"https:\/\/actu7.com\/index.php\/wp-json\/wp\/v2\/users\/2"}],"replies":[{"embeddable":true,"href":"https:\/\/actu7.com\/index.php\/wp-json\/wp\/v2\/comments?post=1873"}],"version-history":[{"count":0,"href":"https:\/\/actu7.com\/index.php\/wp-json\/wp\/v2\/posts\/1873\/revisions"}],"wp:featuredmedia":[{"embeddable":true,"href":"https:\/\/actu7.com\/index.php\/wp-json\/wp\/v2\/media\/1874"}],"wp:attachment":[{"href":"https:\/\/actu7.com\/index.php\/wp-json\/wp\/v2\/media?parent=1873"}],"wp:term":[{"taxonomy":"category","embeddable":true,"href":"https:\/\/actu7.com\/index.php\/wp-json\/wp\/v2\/categories?post=1873"},{"taxonomy":"post_tag","embeddable":true,"href":"https:\/\/actu7.com\/index.php\/wp-json\/wp\/v2\/tags?post=1873"}],"curies":[{"name":"wp","href":"https:\/\/api.w.org\/{rel}","templated":true}]}}