{"id":1626,"date":"2025-06-28T14:20:24","date_gmt":"2025-06-28T14:20:24","guid":{"rendered":"https:\/\/actu7.com\/?p=1626"},"modified":"2025-06-28T14:20:24","modified_gmt":"2025-06-28T14:20:24","slug":"declaration-du-collectif-des-victimes-non-indemnisees-du-28-septembre-2009","status":"publish","type":"post","link":"https:\/\/actu7.com\/index.php\/declaration-du-collectif-des-victimes-non-indemnisees-du-28-septembre-2009\/","title":{"rendered":"D\u00e9claration du Collectif des Victimes Non Indemnis\u00e9es du 28 Septembre 2009"},"content":{"rendered":"<div dir=\"auto\">Le Collectif des Victimes Non Indemnis\u00e9es du massacre du 28 septembre 2009 a fait une d\u00e9claration concernant leur situation ce samedi, 28 juin 2025.<\/div>\n<div dir=\"auto\">Dans cette d\u00e9claration, le collectif a inform\u00e9 l&rsquo;opinion nationale et internationale, la Cour p\u00e9nale internationale (CPI), les ONG de d\u00e9fense des droits de l&rsquo;homme, et toutes les parties prenantes au proc\u00e8s de leur situation. Ils ont \u00e9galement sollicit\u00e9 l&rsquo;indemnisation aupr\u00e8s des autorit\u00e9s comp\u00e9tentes, en particulier le Chef de l&rsquo;\u00c9tat, le G\u00e9n\u00e9ral d&rsquo;Arm\u00e9e Mamadi Doumbouya.<\/div>\n<div dir=\"auto\"><\/div>\n<div dir=\"auto\">La rencontre s&rsquo;est tenue \u00e0 la Maison Commune des Journalistes, situ\u00e9e \u00e0 la Mini\u00e8re, dans la commune de Dixinn \u00e0 Conakry, en pr\u00e9sence des membres du Collectif.<\/div>\n<div dir=\"auto\"><\/div>\n<div dir=\"auto\"><b>Ci-dessous, la d\u00e9claration\u00a0<\/b><\/div>\n<div dir=\"auto\"><img loading=\"lazy\" decoding=\"async\" class=\"alignnone size-medium wp-image-1627\" src=\"https:\/\/actu7.com\/wp-content\/uploads\/2025\/06\/1751117383533-209x300.jpg\" alt=\"\" width=\"209\" height=\"300\" srcset=\"https:\/\/actu7.com\/wp-content\/uploads\/2025\/06\/1751117383533-209x300.jpg 209w, https:\/\/actu7.com\/wp-content\/uploads\/2025\/06\/1751117383533-714x1024.jpg 714w, https:\/\/actu7.com\/wp-content\/uploads\/2025\/06\/1751117383533-768x1101.jpg 768w, https:\/\/actu7.com\/wp-content\/uploads\/2025\/06\/1751117383533-1071x1536.jpg 1071w, https:\/\/actu7.com\/wp-content\/uploads\/2025\/06\/1751117383533-1429x2048.jpg 1429w, https:\/\/actu7.com\/wp-content\/uploads\/2025\/06\/1751117383533-696x998.jpg 696w, https:\/\/actu7.com\/wp-content\/uploads\/2025\/06\/1751117383533-1068x1531.jpg 1068w, https:\/\/actu7.com\/wp-content\/uploads\/2025\/06\/1751117383533-1920x2753.jpg 1920w, https:\/\/actu7.com\/wp-content\/uploads\/2025\/06\/1751117383533-293x420.jpg 293w, https:\/\/actu7.com\/wp-content\/uploads\/2025\/06\/1751117383533-scaled.jpg 1786w\" sizes=\"auto, (max-width: 209px) 100vw, 209px\" \/><\/div>\n<div dir=\"auto\"><\/div>\n<div dir=\"auto\">La r\u00e9daction<\/div>\n<div dir=\"auto\"><\/div>\n","protected":false},"excerpt":{"rendered":"<p>Le Collectif des Victimes Non Indemnis\u00e9es du massacre du 28 septembre 2009 a fait une d\u00e9claration concernant leur situation ce samedi, 28 juin 2025. Dans cette d\u00e9claration, le collectif a inform\u00e9 l&rsquo;opinion nationale et internationale, la Cour p\u00e9nale internationale (CPI), les ONG de d\u00e9fense des droits de l&rsquo;homme, et toutes les parties prenantes au proc\u00e8s [&hellip;]<\/p>\n","protected":false},"author":2,"featured_media":1628,"comment_status":"closed","ping_status":"closed","sticky":false,"template":"","format":"standard","meta":{"footnotes":""},"categories":[2,10],"tags":[],"class_list":{"0":"post-1626","1":"post","2":"type-post","3":"status-publish","4":"format-standard","5":"has-post-thumbnail","7":"category-featured","8":"category-societe-2"},"_links":{"self":[{"href":"https:\/\/actu7.com\/index.php\/wp-json\/wp\/v2\/posts\/1626","targetHints":{"allow":["GET"]}}],"collection":[{"href":"https:\/\/actu7.com\/index.php\/wp-json\/wp\/v2\/posts"}],"about":[{"href":"https:\/\/actu7.com\/index.php\/wp-json\/wp\/v2\/types\/post"}],"author":[{"embeddable":true,"href":"https:\/\/actu7.com\/index.php\/wp-json\/wp\/v2\/users\/2"}],"replies":[{"embeddable":true,"href":"https:\/\/actu7.com\/index.php\/wp-json\/wp\/v2\/comments?post=1626"}],"version-history":[{"count":0,"href":"https:\/\/actu7.com\/index.php\/wp-json\/wp\/v2\/posts\/1626\/revisions"}],"wp:featuredmedia":[{"embeddable":true,"href":"https:\/\/actu7.com\/index.php\/wp-json\/wp\/v2\/media\/1628"}],"wp:attachment":[{"href":"https:\/\/actu7.com\/index.php\/wp-json\/wp\/v2\/media?parent=1626"}],"wp:term":[{"taxonomy":"category","embeddable":true,"href":"https:\/\/actu7.com\/index.php\/wp-json\/wp\/v2\/categories?post=1626"},{"taxonomy":"post_tag","embeddable":true,"href":"https:\/\/actu7.com\/index.php\/wp-json\/wp\/v2\/tags?post=1626"}],"curies":[{"name":"wp","href":"https:\/\/api.w.org\/{rel}","templated":true}]}}