{"id":1168,"date":"2025-04-22T02:26:54","date_gmt":"2025-04-22T00:26:54","guid":{"rendered":"https:\/\/actu7.com\/?p=1168"},"modified":"2025-04-22T10:48:06","modified_gmt":"2025-04-22T08:48:06","slug":"palais-du-peuple-les-enseignants-celebrent-les-acquis-du-general-mamadi-doumbouya","status":"publish","type":"post","link":"https:\/\/actu7.com\/index.php\/palais-du-peuple-les-enseignants-celebrent-les-acquis-du-general-mamadi-doumbouya\/","title":{"rendered":"Palais du peuple\u00a0: les enseignants c\u00e9l\u00e8brent les acquis du G\u00e9n\u00e9ral Mamadi Doumbouya"},"content":{"rendered":"<div dir=\"auto\">Le minist\u00e8re de l&rsquo;enseignement pr\u00e9-universitaire et de l&rsquo;alphab\u00e9tisation (MEPU-A) a, \u00e0 travers le mouvement national des enseignants, organis\u00e9 lundi, 21 Avril 2025, une journ\u00e9e nationale pour exprimer leur reconnaissance \u00e0 l&rsquo;endroit du Chef de l&rsquo;\u00c9tat, le G\u00e9n\u00e9ral d&rsquo;Arm\u00e9e, Mamadi Doumbouya pour les efforts fournis en faveur de la qualification de l&rsquo;\u00e9ducation nationale.<\/div>\n<div dir=\"auto\"><\/div>\n<div dir=\"auto\">Au palais du peuple de Conakry, ils \u00e9taient nombreux enseignants, enseignantes et syndicalistes \u00e0 prendre part \u00e0 la c\u00e9r\u00e9monie plac\u00e9e sous la pr\u00e9sidence du premier ministre, chef du gouvernement, Amadou Oury Bah.<\/div>\n<div dir=\"auto\"><\/div>\n<div dir=\"auto\">Pr\u00e9sent \u00e0 la c\u00e9r\u00e9monie, directeur g\u00e9n\u00e9ral du service national de formation continue du personnel enseignant, Abdoul Gadiri Bah n&rsquo;a pas manqu\u00e9 d&rsquo;exprimer sa satisfaction.<\/div>\n<div dir=\"auto\"><\/div>\n<div dir=\"auto\"><i>\u00ab\u00a0Je suis heureux et convaincu de la r\u00e9ussite de cette journ\u00e9e de mobilisation de l&rsquo;ensemble des enseignants.\u00a0<\/i><i>Dans toutes les pr\u00e9fectures, les enseignants ont initi\u00e9 d&rsquo;eux-m\u00eames des mobilisations pour c\u00e9l\u00e9brer les acquis du CNRD et du Pr\u00e9sident de la R\u00e9publique de Guin\u00e9e, le G\u00e9n\u00e9ral Doumbouya qui a mis au c\u0153ur de sa gouvernance la qualification du syst\u00e8me \u00e9ducatif guin\u00e9en. Et j&rsquo;avoue que tous les acteurs sont convaincus qu&rsquo;il faut soutenir les actions du Pr\u00e9sident de la R\u00e9publique\u00a0\u00bb.<\/i><\/div>\n<div dir=\"auto\"><img loading=\"lazy\" decoding=\"async\" class=\"alignnone size-medium wp-image-1171\" src=\"https:\/\/actu7.com\/wp-content\/uploads\/2025\/04\/IMG_20250421_115147_286-300x225.jpg\" alt=\"\" width=\"300\" height=\"225\" srcset=\"https:\/\/actu7.com\/wp-content\/uploads\/2025\/04\/IMG_20250421_115147_286-300x225.jpg 300w, https:\/\/actu7.com\/wp-content\/uploads\/2025\/04\/IMG_20250421_115147_286-1024x768.jpg 1024w, https:\/\/actu7.com\/wp-content\/uploads\/2025\/04\/IMG_20250421_115147_286-768x576.jpg 768w, https:\/\/actu7.com\/wp-content\/uploads\/2025\/04\/IMG_20250421_115147_286-1536x1152.jpg 1536w, https:\/\/actu7.com\/wp-content\/uploads\/2025\/04\/IMG_20250421_115147_286-2048x1536.jpg 2048w, https:\/\/actu7.com\/wp-content\/uploads\/2025\/04\/IMG_20250421_115147_286-696x522.jpg 696w, https:\/\/actu7.com\/wp-content\/uploads\/2025\/04\/IMG_20250421_115147_286-1068x801.jpg 1068w, https:\/\/actu7.com\/wp-content\/uploads\/2025\/04\/IMG_20250421_115147_286-1920x1440.jpg 1920w, https:\/\/actu7.com\/wp-content\/uploads\/2025\/04\/IMG_20250421_115147_286-560x420.jpg 560w, https:\/\/actu7.com\/wp-content\/uploads\/2025\/04\/IMG_20250421_115147_286-80x60.jpg 80w, https:\/\/actu7.com\/wp-content\/uploads\/2025\/04\/IMG_20250421_115147_286-265x198.jpg 265w\" sizes=\"auto, (max-width: 300px) 100vw, 300px\" \/><\/div>\n<div dir=\"auto\">Dans sa communication, M. Gadiri Bah a not\u00e9 :\u00a0<i>\u00ab\u00a0J&rsquo;ai d\u00e9cid\u00e9 de soutenir les actions du Pr\u00e9sident de la R\u00e9publique, parce que ces efforts s&rsquo;inscrivent dans le cadre du d\u00e9veloppement social et culturel. Aujourd&rsquo;hui, dans la vision du programme Simandou 2040, les autorit\u00e9s ont mis l&rsquo;\u00e9ducation et la culture comme le second pilier de ce projet phare du Pr\u00e9sident de la R\u00e9publique.\u00a0<\/i><i>Donc, \u00e7a veut dire que l&rsquo;\u00e9ducation occupe une place de choix non seulement pour le Chef de l&rsquo;\u00c9tat, mais aussi pour le CNRD. Il est donc normal et important que nous, en tant qu&rsquo;enseignants et en tant qu&rsquo;\u00e9ducateurs, que nous soutenions les actions du Pr\u00e9sident de la R\u00e9publique\u00a0\u00bb.<\/i><\/div>\n<div dir=\"auto\"><\/div>\n<div dir=\"auto\">Parlant de la formation continue du personnel enseignant, Abdoul Gadiri Bah a pr\u00e9cis\u00e9 :\u00a0<i>\u00ab\u00a0Depuis l&rsquo;av\u00e8nement du CNRD au pouvoir, nous avons form\u00e9 de plus de 40 000 enseignants (&#8230;). Au niveau de la formation continue, nous avons d\u00e9ploy\u00e9 une plateforme de formation \u00e0 distance qu&rsquo;on appelle IFADEM (initiative francophone pour la formation \u00e0 distance des ma\u00eetres) qui est une r\u00e9alit\u00e9 dans notre pays. Dans cette plateforme, nous avons mis une \u00e9quipe de concepteurs\u00a0<\/i><i>qui ont con\u00e7u 11 livrets. Et ces 11 livrets sont sc\u00e9naris\u00e9s et embarqu\u00e9s dans la plateforme (&#8230;). Ce qui va permettre aux enseignants de faire une auto-formation \u00e0 distance. Cela va<\/i><i>\u00a0nous permettre \u00e9galement, m\u00eame en cas d&rsquo;\u00e9pid\u00e9mie, de continuer \u00e0 former nos enseignants pour la qualification de notre syst\u00e8me \u00e9ducatif.\u00a0<\/i><i>Parce que, si l&rsquo;enseignant est bien form\u00e9 et bien qualifi\u00e9,\u00a0<\/i><i>il va de soit que les \u00e9l\u00e8ves aussi b\u00e9n\u00e9ficient de la bonne formation\u00a0\u00bb\u00a0<\/i>conclut-il.<\/div>\n<div dir=\"auto\"><i>\u00a0<\/i><\/div>\n<div dir=\"auto\"><i>\u00a0<\/i><\/div>\n<div dir=\"auto\"><b>S\u00e9kouba Kourouma\u00a0<\/b><\/div>\n<div dir=\"auto\"><b>\u00a0<\/b><\/div>\n<div dir=\"auto\"><b>+224 628 00 36 63<\/b><\/div>\n<div dir=\"auto\"><\/div>\n<div dir=\"auto\"><\/div>\n<div dir=\"auto\"><\/div>\n","protected":false},"excerpt":{"rendered":"<p>Le minist\u00e8re de l&rsquo;enseignement pr\u00e9-universitaire et de l&rsquo;alphab\u00e9tisation (MEPU-A) a, \u00e0 travers le mouvement national des enseignants, organis\u00e9 lundi, 21 Avril 2025, une journ\u00e9e nationale pour exprimer leur reconnaissance \u00e0 l&rsquo;endroit du Chef de l&rsquo;\u00c9tat, le G\u00e9n\u00e9ral d&rsquo;Arm\u00e9e, Mamadi Doumbouya pour les efforts fournis en faveur de la qualification de l&rsquo;\u00e9ducation nationale. Au palais du [&hellip;]<\/p>\n","protected":false},"author":2,"featured_media":1170,"comment_status":"closed","ping_status":"closed","sticky":false,"template":"","format":"standard","meta":{"footnotes":""},"categories":[8,2],"tags":[],"class_list":{"0":"post-1168","1":"post","2":"type-post","3":"status-publish","4":"format-standard","5":"has-post-thumbnail","7":"category-actualites","8":"category-featured"},"_links":{"self":[{"href":"https:\/\/actu7.com\/index.php\/wp-json\/wp\/v2\/posts\/1168","targetHints":{"allow":["GET"]}}],"collection":[{"href":"https:\/\/actu7.com\/index.php\/wp-json\/wp\/v2\/posts"}],"about":[{"href":"https:\/\/actu7.com\/index.php\/wp-json\/wp\/v2\/types\/post"}],"author":[{"embeddable":true,"href":"https:\/\/actu7.com\/index.php\/wp-json\/wp\/v2\/users\/2"}],"replies":[{"embeddable":true,"href":"https:\/\/actu7.com\/index.php\/wp-json\/wp\/v2\/comments?post=1168"}],"version-history":[{"count":0,"href":"https:\/\/actu7.com\/index.php\/wp-json\/wp\/v2\/posts\/1168\/revisions"}],"wp:featuredmedia":[{"embeddable":true,"href":"https:\/\/actu7.com\/index.php\/wp-json\/wp\/v2\/media\/1170"}],"wp:attachment":[{"href":"https:\/\/actu7.com\/index.php\/wp-json\/wp\/v2\/media?parent=1168"}],"wp:term":[{"taxonomy":"category","embeddable":true,"href":"https:\/\/actu7.com\/index.php\/wp-json\/wp\/v2\/categories?post=1168"},{"taxonomy":"post_tag","embeddable":true,"href":"https:\/\/actu7.com\/index.php\/wp-json\/wp\/v2\/tags?post=1168"}],"curies":[{"name":"wp","href":"https:\/\/api.w.org\/{rel}","templated":true}]}}